{"id":26213,"date":"2021-04-20T07:32:08","date_gmt":"2021-04-20T12:32:08","guid":{"rendered":"http:\/\/www.zonaroja.com.mx\/?p=26213"},"modified":"2021-04-20T07:32:12","modified_gmt":"2021-04-20T12:32:12","slug":"en-conflictivo-san-mateo-del-mar-revocan-mandato-de-autoridades-municiapales","status":"publish","type":"post","link":"https:\/\/zonaroja.com.mx\/?p=26213","title":{"rendered":"En conflictivo San Mateo del Mar, revocan mandato de autoridades municiapales"},"content":{"rendered":"\n<p>Redacci\u00f3n\/Estado 20.<\/p>\n\n\n\n<p>Oaxaca de Ju\u00e1rez, Oax., 20 de abril de 2021.- La comunidad de San Mateo del Mar, Oaxaca, revoc\u00f3 el domingo el mandato a todos los integrantes del ayuntamiento, bajo el argumento de que el \u201cpresidente municipal no se sabe d\u00f3nde despacha ni d\u00f3nde gobierna, pues lleva a\u00f1o y medio fuera de la comunidad\u201d.<\/p>\n\n\n\n<p>Seg\u00fan la poblaci\u00f3n, el edil ha malgastado el recurso municipal en campa\u00f1as pol\u00edticas para posicionar a diversos actores pol\u00edticos de distintos partidos para el proceso electoral federal y estatal del a\u00f1o 2021.<\/p>\n\n\n\n<p>\u201cComo un mensaje claro a la sociedad, de que el pueblo de San Mateo del Mar, no tiene problemas intercomunitarios o \u2018enfrentamiento entre comunidades, como lo refer\u00eda el \u00b4Presidente de la Rep\u00fablica, Andr\u00e9s Manuel L\u00f3pez Obrador, en junio de 2020, sino lo que hay es un problema de desatenci\u00f3n, corrupci\u00f3n, ingobernabilidad, represi\u00f3n, persecuci\u00f3n y muerte, generado por Bernandino Ponce Hinojosa, quien fung\u00eda como presidente municipal y, los dem\u00e1s integrantes del ayuntamiento municipal de San Mateo del Mar\u201d, inform\u00f3 la organizaci\u00f3n Servicios para una Educaci\u00f3n Alternativa (Educa).<\/p>\n\n\n\n<p>El organismo civil sostuvo que la revocaci\u00f3n del mandato se realiz\u00f3 con fundamento en lo que se establece en los tratados internacionales del que el Estado mexicano es parte, as\u00ed como el art\u00edculo 2\u00ba, apartado A, fracciones I, II y III de la Constituci\u00f3n Pol\u00edtica de los Estados Unidos Mexicanos.<\/p>\n\n\n\n<p>Lo anterior, en el sentido de que los pueblos ind\u00edgenas bajo sus sistemas normativos pueden nombrar a sus autoridades y resolver sus cuestiones internas en ejercicio del derecho de libre determinaci\u00f3n y autonom\u00eda.<\/p>\n\n\n\n<p>Asimismo, en el art\u00edculo 16, 112 y 113, p\u00e1rrafo octavo de la Constituci\u00f3n Pol\u00edtica del Estado Libre y Soberano de Oaxaca, se establece expl\u00edcitamente el reconocimiento constitucional de la existencia del pueblo ikoots (huave), con personalidad jur\u00eddica, jurisdicci\u00f3n ind\u00edgena y el poder de revocar el mandato anticipadamente a sus autoridades a trav\u00e9s de la asamblea general comunitaria, instituci\u00f3n ancestral que es parte fundamental de su autogobierno y sistemas normativos internos para el ejercicio de la democracia ind\u00edgena ikoots.<\/p>\n\n\n\n<figure class=\"wp-block-embed-twitter wp-block-embed is-type-rich is-provider-twitter\"><div class=\"wp-block-embed__wrapper\">\n<div class=\"twitter-tweet\"><blockquote class=\"twitter-tweet\" data-lang=\"es\"><p lang=\"es\" dir=\"ltr\">Asambleas de San Mateo del Mar revocan mandato a autoridades municipales <a href=\"https:\/\/twitter.com\/hashtag\/Oaxaca?src=hash&amp;ref_src=twsrc%5Etfw\">#Oaxaca<\/a> <a href=\"https:\/\/twitter.com\/hashtag\/SistemasNormativosInternos?src=hash&amp;ref_src=twsrc%5Etfw\">#SistemasNormativosInternos<\/a> <a href=\"https:\/\/twitter.com\/hashtag\/Elecciones2021?src=hash&amp;ref_src=twsrc%5Etfw\">#Elecciones2021<\/a> <a href=\"https:\/\/t.co\/EqnWo6VVkV\">https:\/\/t.co\/EqnWo6VVkV<\/a> <a href=\"https:\/\/t.co\/UBHLqgrrbs\">pic.twitter.com\/UBHLqgrrbs<\/a><\/p>&mdash; Educa Oaxaca (@laminuta) <a href=\"https:\/\/twitter.com\/laminuta\/status\/1384219709000716290?ref_src=twsrc%5Etfw\">19 de abril de 2021<\/a><\/blockquote><\/div>\n<\/div><\/figure>\n\n\n\n<p>La revocaci\u00f3n del mandato de las autoridades municipales se realiz\u00f3 con el blindaje de los elementos de la Polic\u00eda Estatal, Guardia Nacional y la observaci\u00f3n de funcionarios acreditados de la Comisi\u00f3n Nacional de los Derechos Humanos (CNDH), los pobladores de San Mateo del Mar.<\/p>\n\n\n\n<p>A trav\u00e9s de asambleas comunitarias simultaneas en todo el municipio, detall\u00f3, se cit\u00f3 a audiencia a los integrantes del ayuntamiento para ser o\u00eddos ya sea por propio derecho o por representaci\u00f3n legal para que alegaran a lo que su inter\u00e9s conviniera.<\/p>\n\n\n\n<p>Sin embargo, ning\u00fan concejal se present\u00f3 a la audiencia comunitaria, \u201cpor lo que la asamblea declar\u00f3 la terminaci\u00f3n anticipada de mandato de los integrantes del ayuntamiento de San Mateo del Mar, y en su lugar, se nombraron a las mujeres y hombres, que integrar\u00e1n desde ahora el Concejo Ind\u00edgena Ikoots de Administraci\u00f3n Municipal 2020-2021\u201d.<\/p>\n\n\n\n<p>San Mateo vive una crisis de autoridad desde hace m\u00e1s de dos a\u00f1os, que se agudiz\u00f3 con la masacre perpetrada en junio del a\u00f1o pasado, en que dieron muerte a 15 personas, dos de ellas mujeres, y cuyo caso se mantiene en la impunidad.<\/p>\n","protected":false},"excerpt":{"rendered":"<p>Redacci\u00f3n\/Estado 20. Oaxaca de Ju\u00e1rez, Oax., 20 de abril de 2021.- La comunidad de San&hellip;<\/p>\n","protected":false},"author":2,"featured_media":26214,"comment_status":"closed","ping_status":"open","sticky":false,"template":"","format":"standard","meta":{"_lmt_disableupdate":"","_lmt_disable":"","_jetpack_memberships_contains_paid_content":false,"footnotes":""},"categories":[109,47],"tags":[605],"class_list":["post-26213","post","type-post","status-publish","format-standard","has-post-thumbnail","hentry","category-minuto-a-minuto","category-zona-gris","tag-san-mateo-del-mar"],"jetpack_featured_media_url":"https:\/\/zonaroja.com.mx\/wp-content\/uploads\/2021\/04\/Asamblea-San-Mateo-del-Mar.jpg","jetpack_sharing_enabled":true,"_links":{"self":[{"href":"https:\/\/zonaroja.com.mx\/index.php?rest_route=\/wp\/v2\/posts\/26213","targetHints":{"allow":["GET"]}}],"collection":[{"href":"https:\/\/zonaroja.com.mx\/index.php?rest_route=\/wp\/v2\/posts"}],"about":[{"href":"https:\/\/zonaroja.com.mx\/index.php?rest_route=\/wp\/v2\/types\/post"}],"author":[{"embeddable":true,"href":"https:\/\/zonaroja.com.mx\/index.php?rest_route=\/wp\/v2\/users\/2"}],"replies":[{"embeddable":true,"href":"https:\/\/zonaroja.com.mx\/index.php?rest_route=%2Fwp%2Fv2%2Fcomments&post=26213"}],"version-history":[{"count":1,"href":"https:\/\/zonaroja.com.mx\/index.php?rest_route=\/wp\/v2\/posts\/26213\/revisions"}],"predecessor-version":[{"id":26215,"href":"https:\/\/zonaroja.com.mx\/index.php?rest_route=\/wp\/v2\/posts\/26213\/revisions\/26215"}],"wp:featuredmedia":[{"embeddable":true,"href":"https:\/\/zonaroja.com.mx\/index.php?rest_route=\/wp\/v2\/media\/26214"}],"wp:attachment":[{"href":"https:\/\/zonaroja.com.mx\/index.php?rest_route=%2Fwp%2Fv2%2Fmedia&parent=26213"}],"wp:term":[{"taxonomy":"category","embeddable":true,"href":"https:\/\/zonaroja.com.mx\/index.php?rest_route=%2Fwp%2Fv2%2Fcategories&post=26213"},{"taxonomy":"post_tag","embeddable":true,"href":"https:\/\/zonaroja.com.mx\/index.php?rest_route=%2Fwp%2Fv2%2Ftags&post=26213"}],"curies":[{"name":"wp","href":"https:\/\/api.w.org\/{rel}","templated":true}]}}