{"id":26219,"date":"2021-04-20T08:18:55","date_gmt":"2021-04-20T13:18:55","guid":{"rendered":"http:\/\/www.zonaroja.com.mx\/?p=26219"},"modified":"2021-04-20T08:19:02","modified_gmt":"2021-04-20T13:19:02","slug":"vulnera-morena-a-mujeres-indigenas-y-afromexicanas-usa-autoadscripcion-a-modo","status":"publish","type":"post","link":"https:\/\/zonaroja.com.mx\/?p=26219","title":{"rendered":"Vulnera Morena a mujeres ind\u00edgenas y afromexicanas; usa autoadscripci\u00f3n a modo"},"content":{"rendered":"\n<p>Evlin Arag\u00f3n\/Zona Roja. Foto: Especial<\/p>\n\n\n\n<p>Oaxaca de Ju\u00e1rez, Oax., 20 de abril de 2021.- Jessica Itzel Garc\u00eda Garc\u00eda, Rosa Mar\u00eda Castro Salinas, Luz Irene del Carmen Montes Lara y Karina L\u00f3pez Regalado, tiene algo en com\u00fan m\u00e1s all\u00e1 de ser mujeres:<\/p>\n\n\n\n<p>Las cuatro se registraron como aspirantes a una candidatura al interior del Partido Movimiento de Regeneraci\u00f3n Nacional (Morena) y fueron nuevamente discriminadas y vulneradas en sus derechos.<\/p>\n\n\n\n<p>Lo anterior pese a contar con el respaldo de sus comunidades y representar a los grupos hist\u00f3ricamente discriminados como son: personas ind\u00edgenas, afromexicanas, personas con discapacidad, personas adultas mayores y j\u00f3venes, y a quienes de acuerdo con el Instituto Estatal Electoral y de Participaci\u00f3n Ciudadana de Oaxaca (IEEPCO), se tienen que ponderar en este proceso electoral.&nbsp;<\/p>\n\n\n\n<p>Las cuatro fueron excluidas de las candidaturas a diputaciones locales de Morena, cuya dirigencia, encabezada por Sesul Bola\u00f1os paso por alto los lineamientos en materia de paridad de g\u00e9nero que deber\u00edan observar los partidos pol\u00edticos por ley, de ah\u00ed que, las cuatro, tambi\u00e9n comparten recursos de impugnaci\u00f3n.&nbsp;<\/p>\n\n\n\n<p>\u201cCon mucha tristeza vi que la convocatoria fue utilizada para hacer creer que hay democracia en el partido, pero realmente no fue as\u00ed\u201d refiri\u00f3 Rosa Mar\u00eda Castro Salinas en el marco del conversatorio \u201cImportancia de la participaci\u00f3n pol\u00edtica de mujeres ind\u00edgenas, afromexicanas, j\u00f3venes y adultas mayores en proceso electoral 2021\u201d, organizado por el Colectivo por la Ciudadan\u00eda de las Mujeres.&nbsp;<\/p>\n\n\n\n<p>Record\u00f3 que fue ella y Karina L\u00f3pez Regalado, quienes recorrieron las instancias electorales nacionales para impugnar, de primera cuenta, la desaparici\u00f3n de los lineamientos en materia de paridad de g\u00e9nero aprobados por el IEEPCO, consiguiendo que estos fueran validados de nueva cuenta.&nbsp;<\/p>\n\n\n\n<p>Aun as\u00ed, Morena se neg\u00f3 a darles el registro, pese a que en el caso de Rosa Mar\u00eda fue la \u00fanica mujer afromexicana registrada y que adem\u00e1s cumpli\u00f3 con todos los requisitos solicitados por el partido con el que, hasta hace unos meses, compart\u00eda ideolog\u00eda y causa.&nbsp;<\/p>\n\n\n\n<p>El tema de fondo dijo, es que no hay representatividad, nuevamente no habr\u00e1 en el Congreso estatal la representatividad de mujeres negras e ind\u00edgenas ya que la Comisi\u00f3n Nacional de Honor y Justicia determin\u00f3 que ella no contaba con el perfil adecuado para encabezar la candidatura.&nbsp;<\/p>\n\n\n\n<p>De ah\u00ed que llevar\u00e1 la lucha legal a otras instancias con la intenci\u00f3n de crear precedentes que obliguen a los partidos a aplicar las acciones afirmativas que por ley deben implementarse en beneficio de los grupos poblacionales hist\u00f3ricamente discriminados.&nbsp;<\/p>\n\n\n\n<p>\u201cLas acciones afirmativas del IEEPCO obligan a los partidos pol\u00edticos as\u00ed que tenemos otros instrumentos jur\u00eddicos para hacer valer las acciones. Si no lo hacemos los partidos siguen cometiendo los actos de omisi\u00f3n, siguen haciendo lo que ellos consideran pertinente, sin reconocer los derechos pol\u00edtico-electorales de las mujeres, de nuestros pueblos y comunidades\u201d, sentenci\u00f3.&nbsp;<\/p>\n\n\n\n<p>RELEGADAS Y DISCRIMINADAS<\/p>\n\n\n\n<p>Por su parte Karina L\u00f3pez Regalado, record\u00f3 que fue Morena el \u00fanico partido que abri\u00f3 su convocatoria con la intenci\u00f3n de \u201ccumplir\u201d con las medidas afirmativas planteadas por el IEEPCO, sin embargo, una vez que estas fueron impugnadas por el Partido del Trabajo, las mujeres fueron relegadas, discriminadas y vulneradas en sus derechos.<\/p>\n\n\n\n<p>L\u00f3pez Regalado cuestion\u00f3 que, actualmente, las medidas afirmativas est\u00e1n siendo utilizada por los partidos pol\u00edticos mediante una auto adscripci\u00f3n simple, es decir, d\u00e1ndole el lugar a personas que se auto adscriben como ind\u00edgenas pero que no pueden documentar su dicho, ni su labor previa a favor de los pueblos.&nbsp;<\/p>\n\n\n\n<p>\u201cNos est\u00e1n vulnerando los derechos a quienes hemos trabajado y hemos recorrido el camino por el reconocimiento de los derechos de las mujeres ind\u00edgenas. Se trata de una violencia m\u00e1s en contra de las mujeres\u201d.<\/p>\n\n\n\n<p>Finalmente defendi\u00f3 el derecho que tienen las mujeres ind\u00edgenas y afromexicanas a participar en el \u00e1mbito comunitario y fuera de \u00e9l, y de manera particular a estar representadas en puestos de representaci\u00f3n popular, as\u00ed como lament\u00f3 la simulaci\u00f3n al interior del partido que se dice aliado del pueblo.&nbsp;<\/p>\n","protected":false},"excerpt":{"rendered":"<p>Evlin Arag\u00f3n\/Zona Roja. Foto: Especial Oaxaca de Ju\u00e1rez, Oax., 20 de abril de 2021.- Jessica&hellip;<\/p>\n","protected":false},"author":2,"featured_media":26220,"comment_status":"closed","ping_status":"open","sticky":false,"template":"","format":"standard","meta":{"_lmt_disableupdate":"","_lmt_disable":"","_jetpack_memberships_contains_paid_content":false,"footnotes":""},"categories":[109,47],"tags":[],"class_list":["post-26219","post","type-post","status-publish","format-standard","has-post-thumbnail","hentry","category-minuto-a-minuto","category-zona-gris"],"jetpack_featured_media_url":"https:\/\/zonaroja.com.mx\/wp-content\/uploads\/2021\/04\/Mujeres-afromexicanas-Rosy-Castro.jpg","jetpack_sharing_enabled":true,"_links":{"self":[{"href":"https:\/\/zonaroja.com.mx\/index.php?rest_route=\/wp\/v2\/posts\/26219","targetHints":{"allow":["GET"]}}],"collection":[{"href":"https:\/\/zonaroja.com.mx\/index.php?rest_route=\/wp\/v2\/posts"}],"about":[{"href":"https:\/\/zonaroja.com.mx\/index.php?rest_route=\/wp\/v2\/types\/post"}],"author":[{"embeddable":true,"href":"https:\/\/zonaroja.com.mx\/index.php?rest_route=\/wp\/v2\/users\/2"}],"replies":[{"embeddable":true,"href":"https:\/\/zonaroja.com.mx\/index.php?rest_route=%2Fwp%2Fv2%2Fcomments&post=26219"}],"version-history":[{"count":1,"href":"https:\/\/zonaroja.com.mx\/index.php?rest_route=\/wp\/v2\/posts\/26219\/revisions"}],"predecessor-version":[{"id":26221,"href":"https:\/\/zonaroja.com.mx\/index.php?rest_route=\/wp\/v2\/posts\/26219\/revisions\/26221"}],"wp:featuredmedia":[{"embeddable":true,"href":"https:\/\/zonaroja.com.mx\/index.php?rest_route=\/wp\/v2\/media\/26220"}],"wp:attachment":[{"href":"https:\/\/zonaroja.com.mx\/index.php?rest_route=%2Fwp%2Fv2%2Fmedia&parent=26219"}],"wp:term":[{"taxonomy":"category","embeddable":true,"href":"https:\/\/zonaroja.com.mx\/index.php?rest_route=%2Fwp%2Fv2%2Fcategories&post=26219"},{"taxonomy":"post_tag","embeddable":true,"href":"https:\/\/zonaroja.com.mx\/index.php?rest_route=%2Fwp%2Fv2%2Ftags&post=26219"}],"curies":[{"name":"wp","href":"https:\/\/api.w.org\/{rel}","templated":true}]}}