{"id":2622,"date":"2019-07-29T21:12:16","date_gmt":"2019-07-30T02:12:16","guid":{"rendered":"http:\/\/www.zonaroja.com.mx\/?p=2622"},"modified":"2019-07-29T21:12:19","modified_gmt":"2019-07-30T02:12:19","slug":"copia-murat-hinojosa-a-lopez-obrador-yo-tengo-otros-datos","status":"publish","type":"post","link":"https:\/\/zonaroja.com.mx\/?p=2622","title":{"rendered":"Copia Murat Hinojosa a L\u00f3pez Obrador: \u201cyo tengo otros datos\u201d"},"content":{"rendered":"\n<p>Redacci\u00f3n<\/p>\n\n\n\n<p>Oaxaca de Ju\u00e1rez Oax., 29 de julio de\n2019.- Al estilo del Presidente de M\u00e9xico, Andr\u00e9s Manuel L\u00f3pez Obrador, el\ngobernador Alejandro Murat Hinojosa asegur\u00f3 que tiene \u201cotros datos\u201d respecto a\nla violencia y que son \u00edndices a la baja.<\/p>\n\n\n\n<p>Cuestionado ayer luego de acudir a un informe\nque rindieron diputados federales del Partid Morena, el mandatario contest\u00f3\nmolesto acerca del incremento de la inseguridad.<\/p>\n\n\n\n<p>\u201cLos datos que yo tengo no son esos,\nlos datos que yo tengo es estamos en sem\u00e1foro verde y que Oaxaca que est\u00e1n\ndentro los estados m\u00e1s seguros\u201d, dijo a la prensa.<\/p>\n\n\n\n<p>Sin embargo, de acuerdo con el\nSecretariado Ejecutivo del Sistema Nacional de Seguridad P\u00fablica (SESNSP), por\ncuarto mes consecutivo, las v\u00edctimas de homicidio doloso registraron cifras al\nalza en Oaxaca en los primeros seis meses de 2019.<\/p>\n\n\n\n<p>En enero se reportaron 92 v\u00edctimas de\nasesinato intencional y al mes siguiente tuvo un descenso al reportarse 70\nhomicidios; a partir de ah\u00ed, el n\u00famero fue incrementando: 85 en marzo, 95 en\nabril, 98 en mayo y 123 en junio.<\/p>\n\n\n\n<p>Por su parte, seg\u00fan la organizaci\u00f3n Sem\u00e1foro Delictivo, Oaxaca reprob\u00f3 en ocho de los 11 delitos sobre los que realiza mediciones por el n\u00famero de casos registrados: homicidio, secuestro, extorsi\u00f3n, narcomenudeo, robo a negocios, lesiones, violaci\u00f3n y violencia intrafamiliar. En sem\u00e1foro amarillo est\u00e1n el robo a veh\u00edculo y a casa habitaci\u00f3n, en sem\u00e1foro verde, los feminicidios.<\/p>\n\n\n\n<figure class=\"wp-block-embed-twitter wp-block-embed is-type-rich is-provider-twitter\"><div class=\"wp-block-embed__wrapper\">\n<div class=\"twitter-tweet\"><blockquote class=\"twitter-tweet\" data-lang=\"es\"><p lang=\"es\" dir=\"ltr\"><a href=\"https:\/\/twitter.com\/hashtag\/OaxacaRojo?src=hash&amp;ref_src=twsrc%5Etfw\">#OaxacaRojo<\/a><br>Es grave la inseguridad en <a href=\"https:\/\/twitter.com\/hashtag\/Oaxaca?src=hash&amp;ref_src=twsrc%5Etfw\">#Oaxaca<\/a>; pero el gobernador <a href=\"https:\/\/twitter.com\/alejandromurat?ref_src=twsrc%5Etfw\">@alejandromurat<\/a> respondi\u00f3 ayer que tiene \u201cotros datos\u201d. <br>Video: Especial <a href=\"https:\/\/t.co\/EcqQVvvZlw\">pic.twitter.com\/EcqQVvvZlw<\/a><\/p>&mdash; Zona Roja Oaxaca (@MexRoja) <a href=\"https:\/\/twitter.com\/MexRoja\/status\/1156013828133421056?ref_src=twsrc%5Etfw\">30 de julio de 2019<\/a><\/blockquote><\/div>\n<\/div><\/figure>\n\n\n\n<p>&#8211;Las cifras oficiales muestran una\ntendencia al alza en 2019 en la inseguridad y Sem\u00e1foro Delictivo reprueba a\nOaxaca en la mayor\u00eda de sus \u00edndices \u00bfest\u00e1 fallando la estrategia de seguridad?<\/p>\n\n\n\n<p>&#8211;\u201cLos datos que yo tengo no son esos,\nlos datos que yo tengo es estamos en sem\u00e1foro verde y que Oaxaca que est\u00e1n\ndentro los estados m\u00e1s seguros. Son los datos p\u00fablicos del Secretariado, lo que\nhay que aclarar es que estamos en sem\u00e1foro verde. Si hay delincuencia, no somos\nuna isla, pero estamos ocupados.<\/p>\n\n\n\n<p>Respecto a la masacre registrada el\ndomingo en Santo Domingo Petapa, manifest\u00f3 que estos cr\u00edmenes se deben a que\nest\u00e1n teniendo \u00e9xito con objetivos definidos en \u201cciertas zonas y en ciertas\nregiones\u201d.<\/p>\n\n\n\n<p>\u201cEsto tambi\u00e9n genera consecuencias\nentre los grupos tanto entre grupos como al interior de los grupos que tienen\nreacciones para evitar que se tenga m\u00e1s informaci\u00f3n por parte de las fuerzas\ndel Estado\u201d, sostuvo.<\/p>\n","protected":false},"excerpt":{"rendered":"<p>Redacci\u00f3n Oaxaca de Ju\u00e1rez Oax., 29 de julio de 2019.- Al estilo del Presidente de&hellip;<\/p>\n","protected":false},"author":2,"featured_media":2623,"comment_status":"closed","ping_status":"open","sticky":false,"template":"","format":"standard","meta":{"_lmt_disableupdate":"","_lmt_disable":"","_jetpack_memberships_contains_paid_content":false,"footnotes":""},"categories":[109,51],"tags":[426],"class_list":["post-2622","post","type-post","status-publish","format-standard","has-post-thumbnail","hentry","category-minuto-a-minuto","category-zona-roja","tag-creciente-violencia-e-inseguridad-en-oaxaca"],"jetpack_featured_media_url":"https:\/\/zonaroja.com.mx\/wp-content\/uploads\/2019\/07\/Alejandro-Murat.jpg","jetpack_sharing_enabled":true,"_links":{"self":[{"href":"https:\/\/zonaroja.com.mx\/index.php?rest_route=\/wp\/v2\/posts\/2622","targetHints":{"allow":["GET"]}}],"collection":[{"href":"https:\/\/zonaroja.com.mx\/index.php?rest_route=\/wp\/v2\/posts"}],"about":[{"href":"https:\/\/zonaroja.com.mx\/index.php?rest_route=\/wp\/v2\/types\/post"}],"author":[{"embeddable":true,"href":"https:\/\/zonaroja.com.mx\/index.php?rest_route=\/wp\/v2\/users\/2"}],"replies":[{"embeddable":true,"href":"https:\/\/zonaroja.com.mx\/index.php?rest_route=%2Fwp%2Fv2%2Fcomments&post=2622"}],"version-history":[{"count":1,"href":"https:\/\/zonaroja.com.mx\/index.php?rest_route=\/wp\/v2\/posts\/2622\/revisions"}],"predecessor-version":[{"id":2624,"href":"https:\/\/zonaroja.com.mx\/index.php?rest_route=\/wp\/v2\/posts\/2622\/revisions\/2624"}],"wp:featuredmedia":[{"embeddable":true,"href":"https:\/\/zonaroja.com.mx\/index.php?rest_route=\/wp\/v2\/media\/2623"}],"wp:attachment":[{"href":"https:\/\/zonaroja.com.mx\/index.php?rest_route=%2Fwp%2Fv2%2Fmedia&parent=2622"}],"wp:term":[{"taxonomy":"category","embeddable":true,"href":"https:\/\/zonaroja.com.mx\/index.php?rest_route=%2Fwp%2Fv2%2Fcategories&post=2622"},{"taxonomy":"post_tag","embeddable":true,"href":"https:\/\/zonaroja.com.mx\/index.php?rest_route=%2Fwp%2Fv2%2Ftags&post=2622"}],"curies":[{"name":"wp","href":"https:\/\/api.w.org\/{rel}","templated":true}]}}