{"id":26230,"date":"2021-04-20T08:52:22","date_gmt":"2021-04-20T13:52:22","guid":{"rendered":"http:\/\/www.zonaroja.com.mx\/?p=26230"},"modified":"2021-04-20T08:52:40","modified_gmt":"2021-04-20T13:52:40","slug":"violencia-de-genero-en-corporaciones-policiacas-existe-cuestionan-diagnostico-para-validarla","status":"publish","type":"post","link":"https:\/\/zonaroja.com.mx\/?p=26230","title":{"rendered":"Violencia de g\u00e9nero en corporaciones policiacas existe; cuestionan diagn\u00f3stico para validarla"},"content":{"rendered":"\n<p>Evlin Arag\u00f3n\/Zona Roja.<\/p>\n\n\n\n<p>Oaxaca de Ju\u00e1rez, Oax., 20 de abril de 2021.- Alfonsa Mart\u00ednez, integrante activa de la Agencia Estatal de Investigaciones, critic\u00f3 el diagn\u00f3stico sobre acoso y hostigamiento sexual que pretenden realizar las autoridades del gobierno de Oaxaca al interior de la dependencias y entidades de administraci\u00f3n p\u00fablica, donde asegur\u00f3 es una realidad que existen casos como se han denunciado incluso de manera p\u00fablica.&nbsp;<\/p>\n\n\n\n<p>Como v\u00edctima directa de violencia sexual, al interior de la AEI, cuestion\u00f3 que en lugar de atender las denuncias existentes y destituir a los funcionarios violentos que han sido se\u00f1alados p\u00fablicamente, las secretar\u00edas de Gobierno, Contralor\u00eda y de las Mujeres hayan lanzado una encuesta que les permita elaborar el \u201cDiagn\u00f3stico Actualizado sobre Hostigamiento Sexual y Acoso Sexual\u201d.&nbsp;<\/p>\n\n\n\n<p>\u00abNo necesitamos un cuestionario, necesitamos que trabajen en el tema, hechos, que nos volteen a ver, tambi\u00e9n existimos. Basta de minimizar, invisibilizar a las mujeres polic\u00edas y empleadas de gobierno\u201d, denunci\u00f3 en sus redes sociales.&nbsp;<\/p>\n\n\n\n<p>Y es que Alfonsa fue la primera mujer que en el 2019 denunci\u00f3 penal y p\u00fablicamente a su agresor, quien adem\u00e1s era su jefe al interior de la AEI, ante lo cual poco a nada han actuado las autoridades para salvaguardar su integridad f\u00edsica, y por el contrario ha sido ella la castigada por al alzar la voz.&nbsp;<\/p>\n\n\n\n<p>De ah\u00ed que refiere que la violencia sexual y machista al interior de las corporaciones de seguridad y procuraci\u00f3n de justicia siempre ha existido y no hace falta una encuesta para darse cuenta.&nbsp;<\/p>\n\n\n\n<p>\u201cEl hostigamiento sexual, acoso laboral, discriminaci\u00f3n, a veces la violaci\u00f3n, son los delitos que a diario viven cada una de mis hermanas empleadas de alguna dependencia de gobierno, de forma particular polic\u00edas, custodias y agentes de investigaciones\u201d, refiere.&nbsp;<\/p>\n\n\n\n<p>La agente Estatal de Investigaciones asegur\u00f3 que la violencia ha sido naturalizada por a\u00f1os en las corporaciones policiales y dependencias de gobierno, la cual adem\u00e1s no se denuncia por miedo a ser castigadas -como sucedi\u00f3 en su caso- o a ser despedidas de manera injusta.<\/p>\n\n\n\n<p>De ah\u00ed que insisti\u00f3 en que, m\u00e1s que una encuesta o un diagn\u00f3stico, se necesitan espacios seguros donde puedan hablar del tema sin miedo a represalias, que las dejen de revictimizar y, sobre todo, que sancionen a los responsables de la violencia en su contra.&nbsp;<\/p>\n\n\n\n<p>\u201cNo m\u00e1s jefes y comandantes acosadores, hostigadores sexuales, violadores. No m\u00e1s agresores en cargos p\u00fablicos. Por un trabajo libre de violencia alcemos la voz\u201d, sentenci\u00f3.&nbsp;&nbsp;<\/p>\n\n\n\n<p>Apenas el pasado 31 de marzo, la Secretar\u00eda de la Contralor\u00eda y Transparencia Gubernamental emiti\u00f3 una circular en la que solicita a los titulares de dependencia y entidades de la administraci\u00f3n p\u00fablica estatal, para que instruyan al personal femenino a contestar la encuesta que derive en un diagn\u00f3stico sobe violencia sexual al interior del sector p\u00fablico.<\/p>\n\n\n\n<p>Lo anterior sin establecer un protocolo de acci\u00f3n ante casos ya existentes o que sean detectados, as\u00ed como sanciones para el personal que sea denunciado, lo cual, de acuerdo con Alfonsa Mart\u00ednez da la impresi\u00f3n que \u00fanicamente se trata de una estrategia para simular la atenci\u00f3n del problema, que existe desde hace muchos a\u00f1os con y es de conocimiento p\u00fablico sin necesidad de un diagn\u00f3stico.&nbsp;<\/p>\n","protected":false},"excerpt":{"rendered":"<p>Evlin Arag\u00f3n\/Zona Roja. Oaxaca de Ju\u00e1rez, Oax., 20 de abril de 2021.- Alfonsa Mart\u00ednez, integrante&hellip;<\/p>\n","protected":false},"author":2,"featured_media":26231,"comment_status":"closed","ping_status":"open","sticky":false,"template":"","format":"standard","meta":{"_lmt_disableupdate":"","_lmt_disable":"","_jetpack_memberships_contains_paid_content":false,"footnotes":""},"categories":[109,47],"tags":[1559],"class_list":["post-26230","post","type-post","status-publish","format-standard","has-post-thumbnail","hentry","category-minuto-a-minuto","category-zona-gris","tag-violencia-mujeres-oaxaca"],"jetpack_featured_media_url":"https:\/\/zonaroja.com.mx\/wp-content\/uploads\/2021\/04\/Oficio-encuesta-violencia.jpg","jetpack_sharing_enabled":true,"_links":{"self":[{"href":"https:\/\/zonaroja.com.mx\/index.php?rest_route=\/wp\/v2\/posts\/26230","targetHints":{"allow":["GET"]}}],"collection":[{"href":"https:\/\/zonaroja.com.mx\/index.php?rest_route=\/wp\/v2\/posts"}],"about":[{"href":"https:\/\/zonaroja.com.mx\/index.php?rest_route=\/wp\/v2\/types\/post"}],"author":[{"embeddable":true,"href":"https:\/\/zonaroja.com.mx\/index.php?rest_route=\/wp\/v2\/users\/2"}],"replies":[{"embeddable":true,"href":"https:\/\/zonaroja.com.mx\/index.php?rest_route=%2Fwp%2Fv2%2Fcomments&post=26230"}],"version-history":[{"count":1,"href":"https:\/\/zonaroja.com.mx\/index.php?rest_route=\/wp\/v2\/posts\/26230\/revisions"}],"predecessor-version":[{"id":26232,"href":"https:\/\/zonaroja.com.mx\/index.php?rest_route=\/wp\/v2\/posts\/26230\/revisions\/26232"}],"wp:featuredmedia":[{"embeddable":true,"href":"https:\/\/zonaroja.com.mx\/index.php?rest_route=\/wp\/v2\/media\/26231"}],"wp:attachment":[{"href":"https:\/\/zonaroja.com.mx\/index.php?rest_route=%2Fwp%2Fv2%2Fmedia&parent=26230"}],"wp:term":[{"taxonomy":"category","embeddable":true,"href":"https:\/\/zonaroja.com.mx\/index.php?rest_route=%2Fwp%2Fv2%2Fcategories&post=26230"},{"taxonomy":"post_tag","embeddable":true,"href":"https:\/\/zonaroja.com.mx\/index.php?rest_route=%2Fwp%2Fv2%2Ftags&post=26230"}],"curies":[{"name":"wp","href":"https:\/\/api.w.org\/{rel}","templated":true}]}}