{"id":26239,"date":"2021-04-20T21:19:24","date_gmt":"2021-04-21T02:19:24","guid":{"rendered":"http:\/\/www.zonaroja.com.mx\/?p=26239"},"modified":"2021-04-20T21:19:28","modified_gmt":"2021-04-21T02:19:28","slug":"otro-dia-de-manifestaciones-segego-pierde-credibilidad-de-pobladores","status":"publish","type":"post","link":"https:\/\/zonaroja.com.mx\/?p=26239","title":{"rendered":"Otro d\u00eda de manifestaciones; Segego pierde credibilidad de pobladores"},"content":{"rendered":"\n<p>Yuridiana Sosa\/Zona Roja.<\/p>\n\n\n\n<p>Oaxaca de Ju\u00e1rez, Oax., 20 de abril de 2021.- Por segundo d\u00eda consecutivo en esta semana, pobladores de distintas comunidades de Oaxaca, as\u00ed como trabajadores y sindicalizados al servicio del Gobierno del Estado, efectuaron movilizaciones.<\/p>\n\n\n\n<p>\u201c\u00a1El de Segego \u2013Francisco Garc\u00eda- ha hecho muchas promesas sin cumplir! ahora queremos hablar con el gobernador, porque con Segego no hay confianza, \u00a1pura mentira!\u201d, expres\u00f3 el representante de los inconformes que se apoderaron de Ciudad Administrativa.<\/p>\n\n\n\n<p>Desde temprana hora, habitantes de la agencia de Santa Martha Loxicha, del municipio de San Baltazar Loxicha. arribaron al complejo gubernamental ubicado en Tlalixtac de Cabrera, del cual se apoderaron y cerraron los accesos.<\/p>\n\n\n\n<p>Exigieron elecciones municipales extraordinarias y la entrega de sus recursos, lo cual, la Secretar\u00eda General de Gobierno les hab\u00eda prometido, pero al no ver ejecuci\u00f3n retomaron sus protestas, se\u00f1al\u00f3 Apolonio Mart\u00ednez Ju\u00e1rez.<\/p>\n\n\n\n<p>\u201cSi no hay elecci\u00f3n municipal no habr\u00e1 elecci\u00f3n de diputados corruptos en San Baltazar Loxicha\u201d, amagaron por medio de una manta que colgaron en la entrada principal del inmueble.<\/p>\n\n\n\n<p>En esta comunidad, regida por sistemas Normativos Internos (SNI), se nombr\u00f3 una comisi\u00f3n como autoridad, la cual es rechazada por esta comunidad, \u00fanica agencia de San Baltazar.<\/p>\n\n\n\n<p>CALLE CERRADA<\/p>\n\n\n\n<p>Por segundo d\u00eda consecutivo, mujeres que integran el Consejo Ind\u00edgena Popular de Oaxaca \u201cRicardo Flores Mag\u00f3n\u201d (CIPO-RFM) mantuvieron su \u201cplant\u00f3n\u201d frente a las oficinas del Instituto Nacional de Pueblos Ind\u00edgenas (INPI), en la colonia Reforma de la capital.<\/p>\n\n\n\n<p>La organizaci\u00f3n exige una mesa de di\u00e1logo con el titular del INPI, el oaxaque\u00f1o Adelfo Regino Montes, para exponerle diversas demandas. Pero en tanto no existe respuesta favorable a nivel federal, la calle del Heroico Colegio Militar sigue cerrada en la zona norte del municipio de Oaxaca.<\/p>\n\n\n\n<figure class=\"wp-block-embed-twitter wp-block-embed is-type-rich is-provider-twitter\"><div class=\"wp-block-embed__wrapper\">\n<div class=\"twitter-tweet\"><blockquote class=\"twitter-tweet\" data-lang=\"es\"><p lang=\"es\" dir=\"ltr\"><a href=\"https:\/\/twitter.com\/hashtag\/%C3%9AltimoMinuto?src=hash&amp;ref_src=twsrc%5Etfw\">#\u00daltimoMinuto<\/a> <br>2. Esta es la queja de los pobladores de San Baltazar <a href=\"https:\/\/twitter.com\/hashtag\/Loxicha?src=hash&amp;ref_src=twsrc%5Etfw\">#Loxicha<\/a>, <a href=\"https:\/\/twitter.com\/hashtag\/Oaxaca?src=hash&amp;ref_src=twsrc%5Etfw\">#Oaxaca<\/a>. <br>Pero denuncian que tras varias horas, personal de la <a href=\"https:\/\/twitter.com\/SEGEGO_GobOax?ref_src=twsrc%5Etfw\">@SEGEGO_GobOax<\/a> se ha negado a atenderlos. <a href=\"https:\/\/t.co\/hFZQdr1kc6\">pic.twitter.com\/hFZQdr1kc6<\/a><\/p>&mdash; Zona Roja Oaxaca (@Zona_Roja_Oax) <a href=\"https:\/\/twitter.com\/Zona_Roja_Oax\/status\/1384554812583276544?ref_src=twsrc%5Etfw\">20 de abril de 2021<\/a><\/blockquote><\/div>\n<\/div><\/figure>\n\n\n\n<p>VISITA EXPR\u00c9S<\/p>\n\n\n\n<p>En tanto, luego que este lunes tomaron Ciudad Administrativa, integrantes del Sindicato de Trabajadores de los Telebachilleratos Comunitarios del Estado de Oaxaca (STTCEO) protestaron frente a Casa Oficial la tarde de este jueves para exigir la inmediata designaci\u00f3n de un director general, pero con el perfil adecuado.<\/p>\n\n\n\n<p>A pesar que ayer supuestamente fueron atendidos en mesa de di\u00e1logo con la Segego, los trabajadores de este sindicato exigen otra mesa de trabajo con la General de Gobierno.<\/p>\n\n\n\n<p>MARCHA DE BUR\u00d3CRATAS<\/p>\n\n\n\n<p>Los problemas al interior del Sindicato de Trabajadores al Servicio de los Tres Poderes del Estado y Empresas Descentralizadas de Car\u00e1cter Estatal (STPEIDCO) contin\u00faan ante la suspensi\u00f3n de las elecciones para renovaci\u00f3n de la dirigencia sindical.<\/p>\n\n\n\n<p>Bur\u00f3cratas, simpatizantes del grupo \u201cFuerza Negra\u201d, marcharon para manifestar su rechazo a la pr\u00f3rroga que present\u00f3 el secretario general del sindicato, Juan Ignacio Cruz Villavicencio, para continuar en el cargo junto a su planilla, pues con el pretexto de la pandemia el gobierno del estado no permiti\u00f3 la jornada electoral interna.<\/p>\n\n\n\n<p>Marcharon de la Cruz de Piedra al z\u00f3calo de la capital, en el Centro Hist\u00f3rico, para puntualizar que despu\u00e9s del 23 de abril, cuando acaba el periodo ordinario del Comit\u00e9 Ejecutivo actual, desconocer\u00e1n a sus representantes, pues \u201cprefieren tener un sindicato ac\u00e9falo a continuar con Juan Ignacio al frente\u201d, manifestaron.<\/p>\n\n\n\n<figure class=\"wp-block-embed-twitter wp-block-embed is-type-rich is-provider-twitter\"><div class=\"wp-block-embed__wrapper\">\n<div class=\"twitter-tweet\"><blockquote class=\"twitter-tweet\" data-lang=\"es\"><p lang=\"es\" dir=\"ltr\"><a href=\"https:\/\/twitter.com\/hashtag\/%C3%9AltimoMinuto?src=hash&amp;ref_src=twsrc%5Etfw\">#\u00daltimoMinuto<\/a> <br>Integrantes de la corriente \u201cFuerza Negra\u201d del sindicato de <a href=\"https:\/\/twitter.com\/hashtag\/bur%C3%B3cratas?src=hash&amp;ref_src=twsrc%5Etfw\">#bur\u00f3cratas<\/a> del gobierno, marchan esta tarde en el centro de la ciudad de <a href=\"https:\/\/twitter.com\/hashtag\/Oaxaca?src=hash&amp;ref_src=twsrc%5Etfw\">#Oaxaca<\/a>, en rechazo a la prolongaci\u00f3n del cargo de su dirigente sindical, Juan Ignacio Cruz Villavicencio. <a href=\"https:\/\/t.co\/YrR96S2kal\">pic.twitter.com\/YrR96S2kal<\/a><\/p>&mdash; Zona Roja Oaxaca (@Zona_Roja_Oax) <a href=\"https:\/\/twitter.com\/Zona_Roja_Oax\/status\/1384653018470051844?ref_src=twsrc%5Etfw\">20 de abril de 2021<\/a><\/blockquote><\/div>\n<\/div><\/figure>\n\n\n\n<p>OTRO BLOQUEO<\/p>\n\n\n\n<p>Mientras tanto, los bloqueos como medida de presi\u00f3n fueron ejecutados por habitantes de poblaciones de El Camar\u00f3n Yautepec y San Pedro Totolapan, en el entronque a la poblaci\u00f3n de Soledad Salinas, para demandar atenci\u00f3n del Gobierno del Estado.<\/p>\n\n\n\n<p>El cierre del paso de registr\u00f3 sobre la carretera Panamericana del tramo Tehuantepec-Oaxaca, el cual se prolong\u00f3 por m\u00e1s de cinco horas, causando graves a la circulaci\u00f3n vial de todo tipo de veh\u00edculos.<\/p>\n","protected":false},"excerpt":{"rendered":"<p>Yuridiana Sosa\/Zona Roja. Oaxaca de Ju\u00e1rez, Oax., 20 de abril de 2021.- Por segundo d\u00eda&hellip;<\/p>\n","protected":false},"author":2,"featured_media":26240,"comment_status":"closed","ping_status":"open","sticky":false,"template":"","format":"standard","meta":{"_lmt_disableupdate":"","_lmt_disable":"","_jetpack_memberships_contains_paid_content":false,"footnotes":""},"categories":[109,47],"tags":[2254],"class_list":["post-26239","post","type-post","status-publish","format-standard","has-post-thumbnail","hentry","category-minuto-a-minuto","category-zona-gris","tag-protestas-y-bloqueos-oaxaca"],"jetpack_featured_media_url":"https:\/\/zonaroja.com.mx\/wp-content\/uploads\/2021\/04\/Protesta-San-Baltazar-Loxicha.jpg","jetpack_sharing_enabled":true,"_links":{"self":[{"href":"https:\/\/zonaroja.com.mx\/index.php?rest_route=\/wp\/v2\/posts\/26239","targetHints":{"allow":["GET"]}}],"collection":[{"href":"https:\/\/zonaroja.com.mx\/index.php?rest_route=\/wp\/v2\/posts"}],"about":[{"href":"https:\/\/zonaroja.com.mx\/index.php?rest_route=\/wp\/v2\/types\/post"}],"author":[{"embeddable":true,"href":"https:\/\/zonaroja.com.mx\/index.php?rest_route=\/wp\/v2\/users\/2"}],"replies":[{"embeddable":true,"href":"https:\/\/zonaroja.com.mx\/index.php?rest_route=%2Fwp%2Fv2%2Fcomments&post=26239"}],"version-history":[{"count":1,"href":"https:\/\/zonaroja.com.mx\/index.php?rest_route=\/wp\/v2\/posts\/26239\/revisions"}],"predecessor-version":[{"id":26241,"href":"https:\/\/zonaroja.com.mx\/index.php?rest_route=\/wp\/v2\/posts\/26239\/revisions\/26241"}],"wp:featuredmedia":[{"embeddable":true,"href":"https:\/\/zonaroja.com.mx\/index.php?rest_route=\/wp\/v2\/media\/26240"}],"wp:attachment":[{"href":"https:\/\/zonaroja.com.mx\/index.php?rest_route=%2Fwp%2Fv2%2Fmedia&parent=26239"}],"wp:term":[{"taxonomy":"category","embeddable":true,"href":"https:\/\/zonaroja.com.mx\/index.php?rest_route=%2Fwp%2Fv2%2Fcategories&post=26239"},{"taxonomy":"post_tag","embeddable":true,"href":"https:\/\/zonaroja.com.mx\/index.php?rest_route=%2Fwp%2Fv2%2Ftags&post=26239"}],"curies":[{"name":"wp","href":"https:\/\/api.w.org\/{rel}","templated":true}]}}