{"id":26245,"date":"2021-04-20T22:12:47","date_gmt":"2021-04-21T03:12:47","guid":{"rendered":"http:\/\/www.zonaroja.com.mx\/?p=26245"},"modified":"2021-04-20T22:44:39","modified_gmt":"2021-04-21T03:44:39","slug":"a-falta-de-autoridad-en-la-capital-supuestos-artistas-se-pelean-jardin-labastida","status":"publish","type":"post","link":"https:\/\/zonaroja.com.mx\/?p=26245","title":{"rendered":"A falta de autoridad en la capital, supuestos artistas se pelean Jard\u00edn Labastida"},"content":{"rendered":"\n<p>Yuridiana Sosa\/Zona Roja.<\/p>\n\n\n\n<p>Oaxaca de Ju\u00e1rez, Oax., 20 de abril de 2021.- Ante la ausencia de la autoridad en la ciudad de Oaxaca, dos grupos se disputan la venta de obras art\u00edsticas en el jard\u00edn \u201cAntonia Labastida\u201d.<\/p>\n\n\n\n<p>Al mediod\u00eda, artistas que integran el comit\u00e9 de expositores desconocieron como uno de sus miembros a Manuel Orozco Sumano, quien d\u00edas antes acus\u00f3 de mal uso de los recursos del fondo para mantenimiento.<\/p>\n\n\n\n<p>En conferencia de prensa, se\u00f1alaron que s\u00f3lo es un comerciante que pretendi\u00f3 hacerse pasar por artista, pues \u00fanicamente vende obras de otros creadores, lo cual no est\u00e1 permitido en el jard\u00edn denominado \u201cdel arte\u201d, debido a ser un espacio ganado para los artistas oaxaque\u00f1os.<\/p>\n\n\n\n<p>Desde su integraci\u00f3n, dijeron que solo ha generado problemas, incluso tambi\u00e9n ha tratado de ocupar mayor espacio en el jard\u00edn, en el que tambi\u00e9n les ha insistido en no recibir a m\u00e1s artistas.<\/p>\n\n\n\n<p>Una representaci\u00f3n de los inconformes se\u00f1al\u00f3 que Orozco Sumano muestra un inter\u00e9s desmedido por querer ser parte de la mesa directiva, pero al no lograrlo intenta crear un clima de inestabilidad y conflictos, por lo que han decidido desconocerlo como uno de sus integrantes.<\/p>\n\n\n\n<figure class=\"wp-block-embed-twitter wp-block-embed is-type-rich is-provider-twitter\"><div class=\"wp-block-embed__wrapper\">\n<div class=\"twitter-tweet\"><blockquote class=\"twitter-tweet\" data-lang=\"es\"><p lang=\"es\" dir=\"ltr\"><a href=\"https:\/\/twitter.com\/hashtag\/%C3%9AltimoMinuto?src=hash&amp;ref_src=twsrc%5Etfw\">#\u00daltimoMinuto<\/a> <br>Ante la falta de autoridad del <a href=\"https:\/\/twitter.com\/MunicipioOaxaca?ref_src=twsrc%5Etfw\">@MunicipioOaxaca<\/a> en la ciudad de <a href=\"https:\/\/twitter.com\/hashtag\/Oaxaca?src=hash&amp;ref_src=twsrc%5Etfw\">#Oaxaca<\/a>, dos grupos de artistas pl\u00e1sticos y representantes de creadores, se disputan el llamado \u201cJard\u00edn del Arte\u201d, en el parque Antonia Labastida y se lanzan mutuas acusaciones;aqu\u00ed las dos versiones. <a href=\"https:\/\/t.co\/l0Ndu0u78R\">pic.twitter.com\/l0Ndu0u78R<\/a><\/p>&mdash; Zona Roja Oaxaca (@Zona_Roja_Oax) <a href=\"https:\/\/twitter.com\/Zona_Roja_Oax\/status\/1384570768239960065?ref_src=twsrc%5Etfw\">20 de abril de 2021<\/a><\/blockquote><\/div>\n<\/div><\/figure>\n\n\n\n<p>Juan Carlos Luna, artista responsable del ahorro, indic\u00f3 que el dinero se ocupa con transparencia y s\u00f3lo para fines colectivos, como son insumos sanitarios para que puedan continuar con sus exposiciones en el jard\u00edn del arte.<\/p>\n\n\n\n<p>En el lugar exponen de forma alterna unos 60 artistas oaxaque\u00f1os que ven en este jard\u00edn como su \u00fanica v\u00eda para dar a conocer su obra.<\/p>\n\n\n\n<p>RESPONTE EL SE\u00d1ALADO<\/p>\n\n\n\n<p>Por su parte, Orozco Sumano dio una conferencia de prensa posterior, en el z\u00f3calo de la capital, donde reconoci\u00f3 que se dedica a la venta de obras de arte; sin embargo, dos de sus hijas s\u00ed son pintoras.<\/p>\n\n\n\n<p>Se deslind\u00f3 de las acusaciones y expuso que el fondo del problema es la disputa por los puestos de venta de obras en dicho espacio.<\/p>\n","protected":false},"excerpt":{"rendered":"<p>Yuridiana Sosa\/Zona Roja. Oaxaca de Ju\u00e1rez, Oax., 20 de abril de 2021.- Ante la ausencia&hellip;<\/p>\n","protected":false},"author":2,"featured_media":26250,"comment_status":"closed","ping_status":"open","sticky":false,"template":"","format":"standard","meta":{"_lmt_disableupdate":"","_lmt_disable":"","_jetpack_memberships_contains_paid_content":false,"footnotes":""},"categories":[109,1,47],"tags":[],"class_list":["post-26245","post","type-post","status-publish","format-standard","has-post-thumbnail","hentry","category-minuto-a-minuto","category-sin-categoria","category-zona-gris"],"jetpack_featured_media_url":"https:\/\/zonaroja.com.mx\/wp-content\/uploads\/2021\/04\/3f9fc637-b39d-4657-807e-0b693d0e72cc.jpg","jetpack_sharing_enabled":true,"_links":{"self":[{"href":"https:\/\/zonaroja.com.mx\/index.php?rest_route=\/wp\/v2\/posts\/26245","targetHints":{"allow":["GET"]}}],"collection":[{"href":"https:\/\/zonaroja.com.mx\/index.php?rest_route=\/wp\/v2\/posts"}],"about":[{"href":"https:\/\/zonaroja.com.mx\/index.php?rest_route=\/wp\/v2\/types\/post"}],"author":[{"embeddable":true,"href":"https:\/\/zonaroja.com.mx\/index.php?rest_route=\/wp\/v2\/users\/2"}],"replies":[{"embeddable":true,"href":"https:\/\/zonaroja.com.mx\/index.php?rest_route=%2Fwp%2Fv2%2Fcomments&post=26245"}],"version-history":[{"count":1,"href":"https:\/\/zonaroja.com.mx\/index.php?rest_route=\/wp\/v2\/posts\/26245\/revisions"}],"predecessor-version":[{"id":26246,"href":"https:\/\/zonaroja.com.mx\/index.php?rest_route=\/wp\/v2\/posts\/26245\/revisions\/26246"}],"wp:featuredmedia":[{"embeddable":true,"href":"https:\/\/zonaroja.com.mx\/index.php?rest_route=\/wp\/v2\/media\/26250"}],"wp:attachment":[{"href":"https:\/\/zonaroja.com.mx\/index.php?rest_route=%2Fwp%2Fv2%2Fmedia&parent=26245"}],"wp:term":[{"taxonomy":"category","embeddable":true,"href":"https:\/\/zonaroja.com.mx\/index.php?rest_route=%2Fwp%2Fv2%2Fcategories&post=26245"},{"taxonomy":"post_tag","embeddable":true,"href":"https:\/\/zonaroja.com.mx\/index.php?rest_route=%2Fwp%2Fv2%2Ftags&post=26245"}],"curies":[{"name":"wp","href":"https:\/\/api.w.org\/{rel}","templated":true}]}}