{"id":26247,"date":"2021-04-20T22:20:22","date_gmt":"2021-04-21T03:20:22","guid":{"rendered":"http:\/\/www.zonaroja.com.mx\/?p=26247"},"modified":"2021-04-20T22:20:25","modified_gmt":"2021-04-21T03:20:25","slug":"pandemia-inclemente-en-oaxaca-hoy-120-contagiados-y-seis-decesos","status":"publish","type":"post","link":"https:\/\/zonaroja.com.mx\/?p=26247","title":{"rendered":"Pandemia inclemente en Oaxaca: hoy 120 contagiados y seis decesos"},"content":{"rendered":"\n<p>Redacci\u00f3n\/Zona Roja.<\/p>\n\n\n\n<p>Oaxaca de Ju\u00e1rez, Oax., 20 de abril de 2021.- La entidad acumula 45 mil 327 casos positivos de Covid-19, con los 120 nuevos contagios que sum\u00f3 este 20 de abril.<\/p>\n\n\n\n<p>En tanto, tambi\u00e9n registra seis fallecimientos m\u00e1s, para un total de tres mil 390 muertes, as\u00ed como 41 mil 606 personas recuperadas de la enfermedad, indicaron los Servicios de Salud de Oaxaca (SSO).<\/p>\n\n\n\n<p>En un comunicado, destac\u00f3 que el total de confirmados corresponden a 23 mil 912 hombres y 21 mil 415 mujeres, con el mayor n\u00famero de contagios en el grupo de edad de 25 a 44 a\u00f1os, con 20 mil 291 pacientes, es decir, el 44.7% del total de positivos.<\/p>\n\n\n\n<p>Agreg\u00f3 que las cifras revelan que las tres mil 390 defunciones acumuladas, representan el 7.48% del global de casos positivos que se han registrado en toda la pandemia; dos mil 188 eran del sexo masculino y mil 202 del femenino.<\/p>\n\n\n\n<p>Mencion\u00f3 que, en el territorio oaxaque\u00f1o, se tiene un acumulado de 72 mil 844 notificaciones, el 31.6% han sido negativos y el 6.1% son sospechosos; as\u00ed como un total de 331 casos activos.<\/p>\n\n\n\n<figure class=\"wp-block-embed-twitter wp-block-embed is-type-rich is-provider-twitter\"><div class=\"wp-block-embed__wrapper\">\n<div class=\"twitter-tweet\"><blockquote class=\"twitter-tweet\" data-lang=\"es\"><p lang=\"es\" dir=\"ltr\"><a href=\"https:\/\/twitter.com\/hashtag\/%C3%9AltimoMinuto?src=hash&amp;ref_src=twsrc%5Etfw\">#\u00daltimoMinuto<\/a><br>En <a href=\"https:\/\/twitter.com\/hashtag\/Oaxaca?src=hash&amp;ref_src=twsrc%5Etfw\">#Oaxaca<\/a>, los Servicios de Salud reportaron seis defunciones por Covid-19, para un total de tres mil 390 decesos.<br>Asimismo, 120 nuevos casos positivos, con lo que resultan 45 mil 327 casos acumulados.<a href=\"https:\/\/twitter.com\/hashtag\/Qu%C3%A9dateEnCasa?src=hash&amp;ref_src=twsrc%5Etfw\">#Qu\u00e9dateEnCasa<\/a> <a href=\"https:\/\/t.co\/XoljjCBFMf\">pic.twitter.com\/XoljjCBFMf<\/a><\/p>&mdash; Zona Roja Oaxaca (@Zona_Roja_Oax) <a href=\"https:\/\/twitter.com\/Zona_Roja_Oax\/status\/1384679119825240065?ref_src=twsrc%5Etfw\">21 de abril de 2021<\/a><\/blockquote><\/div>\n<\/div><\/figure>\n\n\n\n<p>Detall\u00f3 que los 120 casos nuevos fueron detectados en 45 municipios, principalmente: Oaxaca de Ju\u00e1rez con 29, Santa Cruz Xoxocotl\u00e1n con ocho, Santa Luc\u00eda del Camino con siete, Chalcatongo de Hidalgo con seis, as\u00ed como Heroica Ciudad de Huajuapan de Le\u00f3n y San Pedro Mixtepec Distrito 22 con cinco, cada uno; el resto cuatro, tres, dos y uno caso.<\/p>\n\n\n\n<p>Asimismo, asever\u00f3 que fueron identificados dos ayuntamientos que contabilizan por primera vez contagios, siendo las localidades de Santa Catarina Tic\u00faa y Santiago Texcalcingo con un caso, respectivamente.<\/p>\n\n\n\n<p>Preciso que, por distribuci\u00f3n geogr\u00e1fica, Valles Centrales contabiliza 31 mil 021 casos acumulados, mil 803 fallecimientos y 197 activos; Istmo con tres mil 751, 544 muertes y 49 activos; Tuxtepec con dos mil 877, 341 decesos y siete activos; Costa con dos mil 266, 235 muertes y 35 activos; Mixteca con tres mil 823, 322 perdidas fatales y 32 activos; Sierra con mil 589, 145 fallecimientos y 11 activos.<\/p>\n\n\n\n<p>Revel\u00f3 que, hasta este martes, hay 146 pacientes hospitalizados, 24 son de nuevo ingreso, por lo que la ocupaci\u00f3n hospitalaria se encuentra al 24.5% de manera general; cinco nosocomios se encuentran al 100% de su capacidad.<\/p>\n","protected":false},"excerpt":{"rendered":"<p>Redacci\u00f3n\/Zona Roja. Oaxaca de Ju\u00e1rez, Oax., 20 de abril de 2021.- La entidad acumula 45&hellip;<\/p>\n","protected":false},"author":2,"featured_media":26248,"comment_status":"closed","ping_status":"open","sticky":false,"template":"","format":"standard","meta":{"_lmt_disableupdate":"","_lmt_disable":"","_jetpack_memberships_contains_paid_content":false,"footnotes":""},"categories":[109,47],"tags":[1512],"class_list":["post-26247","post","type-post","status-publish","format-standard","has-post-thumbnail","hentry","category-minuto-a-minuto","category-zona-gris","tag-coronavirus-oaxaca"],"jetpack_featured_media_url":"https:\/\/zonaroja.com.mx\/wp-content\/uploads\/2021\/04\/GRAFICA-SSO-03-1.jpeg","jetpack_sharing_enabled":true,"_links":{"self":[{"href":"https:\/\/zonaroja.com.mx\/index.php?rest_route=\/wp\/v2\/posts\/26247","targetHints":{"allow":["GET"]}}],"collection":[{"href":"https:\/\/zonaroja.com.mx\/index.php?rest_route=\/wp\/v2\/posts"}],"about":[{"href":"https:\/\/zonaroja.com.mx\/index.php?rest_route=\/wp\/v2\/types\/post"}],"author":[{"embeddable":true,"href":"https:\/\/zonaroja.com.mx\/index.php?rest_route=\/wp\/v2\/users\/2"}],"replies":[{"embeddable":true,"href":"https:\/\/zonaroja.com.mx\/index.php?rest_route=%2Fwp%2Fv2%2Fcomments&post=26247"}],"version-history":[{"count":1,"href":"https:\/\/zonaroja.com.mx\/index.php?rest_route=\/wp\/v2\/posts\/26247\/revisions"}],"predecessor-version":[{"id":26249,"href":"https:\/\/zonaroja.com.mx\/index.php?rest_route=\/wp\/v2\/posts\/26247\/revisions\/26249"}],"wp:featuredmedia":[{"embeddable":true,"href":"https:\/\/zonaroja.com.mx\/index.php?rest_route=\/wp\/v2\/media\/26248"}],"wp:attachment":[{"href":"https:\/\/zonaroja.com.mx\/index.php?rest_route=%2Fwp%2Fv2%2Fmedia&parent=26247"}],"wp:term":[{"taxonomy":"category","embeddable":true,"href":"https:\/\/zonaroja.com.mx\/index.php?rest_route=%2Fwp%2Fv2%2Fcategories&post=26247"},{"taxonomy":"post_tag","embeddable":true,"href":"https:\/\/zonaroja.com.mx\/index.php?rest_route=%2Fwp%2Fv2%2Ftags&post=26247"}],"curies":[{"name":"wp","href":"https:\/\/api.w.org\/{rel}","templated":true}]}}