{"id":2625,"date":"2019-07-29T22:13:29","date_gmt":"2019-07-30T03:13:29","guid":{"rendered":"http:\/\/www.zonaroja.com.mx\/?p=2625"},"modified":"2019-07-29T22:13:32","modified_gmt":"2019-07-30T03:13:32","slug":"lunes-de-guelaguetza-deja-dos-muertos-en-tuxtepec-y-juchitan","status":"publish","type":"post","link":"https:\/\/zonaroja.com.mx\/?p=2625","title":{"rendered":"Lunes de Guelaguetza deja dos muertos, en Tuxtepec y Juchit\u00e1n"},"content":{"rendered":"\n<p>Redacci\u00f3n<\/p>\n\n\n\n<p>Oaxaca de Ju\u00e1rez, Oax., 29 de julio de\n2019.- Como ocurre pr\u00e1cticamente a diario, este lunes, \u00faltimo d\u00eda de\nGuelaguetza, tambi\u00e9n se registraron homicidios en la entidad oaxaquea\u00f1a.<\/p>\n\n\n\n<p>Durante la tarde fue ultimado a balazos\nun joven en el interior de un local comercial de la calle Melchor Ocampo, entre\n5 de Mayo y Libertad, del centro de la ciudad de San Juan Bautista Tuxtepec.<\/p>\n\n\n\n<p>El occiso fue identificado como \u00c1lvaro\nSantana Alfaro, de 23 a\u00f1os de edad y comerciante informal; hasta el momento no\nse tienen pistas del o los probables agresores.<\/p>\n\n\n\n<p>Por otra parte, esta noche en la\nagencia La Venta, de Juchit\u00e1n de Zaragoza, fue asesinada con disparos de arma\nde fuego otra persona, de acuerdo con reportes preliminares de corporaciones de\nseguridad.<\/p>\n\n\n\n<p>Hasta el momento no hay mayores datos\ndel caso ni identificaci\u00f3n de la v\u00edctima; personal de la Vicefiscal\u00eda Regional\ndel Istmo acudi\u00f3 a la zona para iniciar las indagatorias.<\/p>\n","protected":false},"excerpt":{"rendered":"<p>Redacci\u00f3n Oaxaca de Ju\u00e1rez, Oax., 29 de julio de 2019.- Como ocurre pr\u00e1cticamente a diario,&hellip;<\/p>\n","protected":false},"author":2,"featured_media":2626,"comment_status":"closed","ping_status":"open","sticky":false,"template":"","format":"standard","meta":{"_lmt_disableupdate":"","_lmt_disable":"","_jetpack_memberships_contains_paid_content":false,"footnotes":""},"categories":[109,51],"tags":[427],"class_list":["post-2625","post","type-post","status-publish","format-standard","has-post-thumbnail","hentry","category-minuto-a-minuto","category-zona-roja","tag-ejecutados-en-tuxtepec-y-la-venta-juchitan"],"jetpack_featured_media_url":"https:\/\/zonaroja.com.mx\/wp-content\/uploads\/2019\/07\/IMG_4418.jpg","jetpack_sharing_enabled":true,"_links":{"self":[{"href":"https:\/\/zonaroja.com.mx\/index.php?rest_route=\/wp\/v2\/posts\/2625","targetHints":{"allow":["GET"]}}],"collection":[{"href":"https:\/\/zonaroja.com.mx\/index.php?rest_route=\/wp\/v2\/posts"}],"about":[{"href":"https:\/\/zonaroja.com.mx\/index.php?rest_route=\/wp\/v2\/types\/post"}],"author":[{"embeddable":true,"href":"https:\/\/zonaroja.com.mx\/index.php?rest_route=\/wp\/v2\/users\/2"}],"replies":[{"embeddable":true,"href":"https:\/\/zonaroja.com.mx\/index.php?rest_route=%2Fwp%2Fv2%2Fcomments&post=2625"}],"version-history":[{"count":1,"href":"https:\/\/zonaroja.com.mx\/index.php?rest_route=\/wp\/v2\/posts\/2625\/revisions"}],"predecessor-version":[{"id":2627,"href":"https:\/\/zonaroja.com.mx\/index.php?rest_route=\/wp\/v2\/posts\/2625\/revisions\/2627"}],"wp:featuredmedia":[{"embeddable":true,"href":"https:\/\/zonaroja.com.mx\/index.php?rest_route=\/wp\/v2\/media\/2626"}],"wp:attachment":[{"href":"https:\/\/zonaroja.com.mx\/index.php?rest_route=%2Fwp%2Fv2%2Fmedia&parent=2625"}],"wp:term":[{"taxonomy":"category","embeddable":true,"href":"https:\/\/zonaroja.com.mx\/index.php?rest_route=%2Fwp%2Fv2%2Fcategories&post=2625"},{"taxonomy":"post_tag","embeddable":true,"href":"https:\/\/zonaroja.com.mx\/index.php?rest_route=%2Fwp%2Fv2%2Ftags&post=2625"}],"curies":[{"name":"wp","href":"https:\/\/api.w.org\/{rel}","templated":true}]}}