{"id":26252,"date":"2021-04-21T07:27:04","date_gmt":"2021-04-21T12:27:04","guid":{"rendered":"http:\/\/www.zonaroja.com.mx\/?p=26252"},"modified":"2021-04-21T07:27:07","modified_gmt":"2021-04-21T12:27:07","slug":"el-62-de-mexicanos-rechaza-que-se-extienda-presidencia-de-zaldivar-en-scjn","status":"publish","type":"post","link":"https:\/\/zonaroja.com.mx\/?p=26252","title":{"rendered":"El 62% de mexicanos rechaza que se extienda presidencia de Zald\u00edvar en SCJN"},"content":{"rendered":"\n<p>Redacci\u00f3n\/Zona Roja Cdmx.<\/p>\n\n\n\n<p>Ciudad de M\u00e9xico, 21 de abril de 2021.- El 62 por ciento de los mexicanos encuestados por \u201cEl Financiero Bloomberg\u201d rechaza que se extienda la presidencia del ministro presidente, Arturo Zald\u00edvar, en la Suprema Corte de Justicia de la Naci\u00f3n.<\/p>\n\n\n\n<p>Mientras que el 22 por ciento est\u00e1 de acuerdo con extender el periodo del ministro presidente y 16 por ciento indic\u00f3 no saber al respecto.<\/p>\n\n\n\n<p>El jueves pasado, el Pleno de la C\u00e1mara alta aprob\u00f3, en lo general y lo particular, la reforma al Poder Judicial que da paso a la nueva Ley Org\u00e1nica del Poder Judicial de la Federaci\u00f3n modificando cuatro leyes y el C\u00f3digo Federal de Procedimientos Civiles.<\/p>\n\n\n\n<p>La reforma fue aprobada en lo particular con 86 votos a favor, 23 en contra y dos abstenciones.<\/p>\n\n\n\n<p>Con estos cambios, se robustecen las facultades de la Suprema Corte de Justicia de la Naci\u00f3n y se extiende el periodo del ministro presidente al frente del M\u00e1ximo Tribunal hasta 2024.<\/p>\n\n\n\n<p>Metodolog\u00eda: Encuesta nacional realizada por v\u00eda telef\u00f3nica a 500 mexicanos adultos el 17-18 de abril de 2021. Se hizo un muestreo probabil\u00edstico de tel\u00e9fonos residenciales y celulares en las 32 entidades federativas. Con un nivel de confianza de 95%, el margen de error de las estimaciones es de +\/-4.4 por ciento.<\/p>\n\n\n\n<p>(Patrocinio: \u201cEl Financiero\u201d. Realizaci\u00f3n: Alejandro Moreno).<\/p>\n","protected":false},"excerpt":{"rendered":"<p>Redacci\u00f3n\/Zona Roja Cdmx. Ciudad de M\u00e9xico, 21 de abril de 2021.- El 62 por ciento&hellip;<\/p>\n","protected":false},"author":2,"featured_media":26253,"comment_status":"closed","ping_status":"open","sticky":false,"template":"","format":"standard","meta":{"_lmt_disableupdate":"","_lmt_disable":"","_jetpack_memberships_contains_paid_content":false,"footnotes":""},"categories":[109,47],"tags":[2620],"class_list":["post-26252","post","type-post","status-publish","format-standard","has-post-thumbnail","hentry","category-minuto-a-minuto","category-zona-gris","tag-arturo-zaldivar"],"jetpack_featured_media_url":"https:\/\/zonaroja.com.mx\/wp-content\/uploads\/2021\/04\/Arturo-Zaldivar.jpg","jetpack_sharing_enabled":true,"_links":{"self":[{"href":"https:\/\/zonaroja.com.mx\/index.php?rest_route=\/wp\/v2\/posts\/26252","targetHints":{"allow":["GET"]}}],"collection":[{"href":"https:\/\/zonaroja.com.mx\/index.php?rest_route=\/wp\/v2\/posts"}],"about":[{"href":"https:\/\/zonaroja.com.mx\/index.php?rest_route=\/wp\/v2\/types\/post"}],"author":[{"embeddable":true,"href":"https:\/\/zonaroja.com.mx\/index.php?rest_route=\/wp\/v2\/users\/2"}],"replies":[{"embeddable":true,"href":"https:\/\/zonaroja.com.mx\/index.php?rest_route=%2Fwp%2Fv2%2Fcomments&post=26252"}],"version-history":[{"count":1,"href":"https:\/\/zonaroja.com.mx\/index.php?rest_route=\/wp\/v2\/posts\/26252\/revisions"}],"predecessor-version":[{"id":26254,"href":"https:\/\/zonaroja.com.mx\/index.php?rest_route=\/wp\/v2\/posts\/26252\/revisions\/26254"}],"wp:featuredmedia":[{"embeddable":true,"href":"https:\/\/zonaroja.com.mx\/index.php?rest_route=\/wp\/v2\/media\/26253"}],"wp:attachment":[{"href":"https:\/\/zonaroja.com.mx\/index.php?rest_route=%2Fwp%2Fv2%2Fmedia&parent=26252"}],"wp:term":[{"taxonomy":"category","embeddable":true,"href":"https:\/\/zonaroja.com.mx\/index.php?rest_route=%2Fwp%2Fv2%2Fcategories&post=26252"},{"taxonomy":"post_tag","embeddable":true,"href":"https:\/\/zonaroja.com.mx\/index.php?rest_route=%2Fwp%2Fv2%2Ftags&post=26252"}],"curies":[{"name":"wp","href":"https:\/\/api.w.org\/{rel}","templated":true}]}}