{"id":26259,"date":"2021-04-21T08:12:09","date_gmt":"2021-04-21T13:12:09","guid":{"rendered":"http:\/\/www.zonaroja.com.mx\/?p=26259"},"modified":"2021-04-21T08:12:22","modified_gmt":"2021-04-21T13:12:22","slug":"opinion-temas-del-paramo-medicos-y-vacunacion","status":"publish","type":"post","link":"https:\/\/zonaroja.com.mx\/?p=26259","title":{"rendered":"Opini\u00f3n. Temas del p\u00e1ramo: m\u00e9dicos y vacunaci\u00f3n"},"content":{"rendered":"\n<p>Gibr\u00e1n Ram\u00edrez Reyes<\/p>\n\n\n\n<p>La consecuencia principal de la decadencia de la conversaci\u00f3n p\u00fablica es que temas secundarios se vuelven principales, mientras que otros, principal\u00edsimos, pasan desapercibidos, aunque tendr\u00e1n el efecto en el largo plazo de cambiar para mal o para bien a nuestro pa\u00eds.<\/p>\n\n\n\n<p>As\u00ed, pocos escriben sobre la lamentable hechura de los nuevos libros de texto gratuitos \u2013apenas lo hacen Fernando Escalante y Manuel Gil\u2014 y esos temas pasan de largo, sin discusi\u00f3n ni ruido ni protesta.<\/p>\n\n\n\n<p>Pero muchos, por otro lado, escriben de cosas que no ameritar\u00edan mayor aclaraci\u00f3n, pero inspiran por su efectividad medi\u00e1tica r\u00edos de tinta.<\/p>\n\n\n\n<p>Sucede que, a veces, de buena fe, sin pensar demasiado, y con la cursiler\u00eda por delante, se vuelven temas nacionales algunos que no deber\u00edan serlo. De forma superficial y por razones afectivas, se asientan supuestas verdades por la fuerza de la indignaci\u00f3n selectiva, aunque no resistan el menor an\u00e1lisis.<\/p>\n\n\n\n<p>En ello, la ret\u00f3rica del gobierno, la falta de explicaciones, tiene su parte, pero es el clima general el que determina c\u00f3mo se configuran estos debates.<\/p>\n\n\n\n<p>Pongo por ejemplo la exigencia de vacunaci\u00f3n a personal m\u00e9dico que no est\u00e1 en la primera l\u00ednea de atenci\u00f3n al Covid (quien s\u00ed lo est\u00e1 ya ha sido vacunado), ya sea que trabaje en hospitales p\u00fablicos o privados.<\/p>\n\n\n\n<p>La exigencia ha abundado en la prensa nacional y conquistado numerosas simpat\u00edas. Suena bien de entrada. El gobierno lo ha explicado poco, pero s\u00ed lo ha dicho: la mortalidad es mayor entre poblaci\u00f3n general que entre m\u00e9dicos, y si se separa de estos a los que est\u00e1n en la primera l\u00ednea de Covid este dato disminuye todav\u00eda m\u00e1s su valor, por lo que priorizar m\u00e9dicos que no est\u00e1n en la primera l\u00ednea ser\u00eda injusto y absurdo.<\/p>\n\n\n\n<p>Pero hab\u00eda material para explicarlo mejor, m\u00e1s did\u00e1cticamente. Es complicado hacer el c\u00e1lculo, por el desorden que hay en los datos, pero el bolet\u00edn de la semana epidemiol\u00f3gica 30 del a\u00f1o pasado \u2013la m\u00e1s reciente que encontr\u00e9 con un c\u00e1lculo similar\u2013 puede darnos una idea sobre el riesgo que enfrentan los m\u00e9dicos en comparaci\u00f3n con otras personas.<\/p>\n\n\n\n<p>M\u00e1s que m\u00e9dicos (1.18%), nos indica la publicaci\u00f3n, murieron empleados (16.1%), choferes (3.62%), campesinos (2.47%), obreros (2.75%), comerciantes fijos y ambulantes (5.84%). Son categor\u00edas enormes, es cierto.<\/p>\n\n\n\n<p>Se necesitar\u00eda un c\u00e1lculo fin\u00edsimo para probarlo, repito, pero es muy probable que, dentro de esos datos, encontremos un porcentaje mayor de muertes de trabajadores de limpia \u2013por ejemplo\u2014 que no s\u00f3lo no pueden suspender su trabajo, que tienen menor acceso a protecciones, que est\u00e1n en contacto todo el tiempo con desechos sanitarios y sin los cuales las ciudades se habr\u00edan detenido, que de personal m\u00e9dico.<\/p>\n\n\n\n<p>Al vacunar igualitariamente, no hay ning\u00fan desd\u00e9n al heroico personal m\u00e9dico. Es m\u00e1s bien al contrario por parte de quienes piensan que deber\u00eda avanzarse antes con \u00e9ste que con las dem\u00e1s personas, aunque la mortalidad en sus ocupaciones sea a veces mayor.<\/p>\n\n\n\n<p>No habr\u00eda sentido en vacunar antes a un m\u00e9dico precarizado que no est\u00e1 en primera l\u00ednea que a un chofer de Uber, o de transporte p\u00fablico, una vendedora ambulante de alimentos, o una polic\u00eda. El gobierno habr\u00eda podido explicarlo contundentemente, num\u00e9ricamente, con un dem\u00f3grafo buceando un d\u00eda entero en sus propias bases de datos<\/p>\n\n\n\n<p>* Doctor en Ciencia Pol\u00edtica por la UNAM.<\/p>\n","protected":false},"excerpt":{"rendered":"<p>Gibr\u00e1n Ram\u00edrez Reyes La consecuencia principal de la decadencia de la conversaci\u00f3n p\u00fablica es que&hellip;<\/p>\n","protected":false},"author":2,"featured_media":24099,"comment_status":"closed","ping_status":"open","sticky":false,"template":"","format":"standard","meta":{"_lmt_disableupdate":"","_lmt_disable":"","_jetpack_memberships_contains_paid_content":false,"footnotes":""},"categories":[456,109],"tags":[2489],"class_list":["post-26259","post","type-post","status-publish","format-standard","has-post-thumbnail","hentry","category-columna","category-minuto-a-minuto","tag-gibran-ramirez-reyes"],"jetpack_featured_media_url":"https:\/\/zonaroja.com.mx\/wp-content\/uploads\/2021\/02\/Gibran-Ramirez-Reyes.jpg","jetpack_sharing_enabled":true,"_links":{"self":[{"href":"https:\/\/zonaroja.com.mx\/index.php?rest_route=\/wp\/v2\/posts\/26259","targetHints":{"allow":["GET"]}}],"collection":[{"href":"https:\/\/zonaroja.com.mx\/index.php?rest_route=\/wp\/v2\/posts"}],"about":[{"href":"https:\/\/zonaroja.com.mx\/index.php?rest_route=\/wp\/v2\/types\/post"}],"author":[{"embeddable":true,"href":"https:\/\/zonaroja.com.mx\/index.php?rest_route=\/wp\/v2\/users\/2"}],"replies":[{"embeddable":true,"href":"https:\/\/zonaroja.com.mx\/index.php?rest_route=%2Fwp%2Fv2%2Fcomments&post=26259"}],"version-history":[{"count":1,"href":"https:\/\/zonaroja.com.mx\/index.php?rest_route=\/wp\/v2\/posts\/26259\/revisions"}],"predecessor-version":[{"id":26260,"href":"https:\/\/zonaroja.com.mx\/index.php?rest_route=\/wp\/v2\/posts\/26259\/revisions\/26260"}],"wp:featuredmedia":[{"embeddable":true,"href":"https:\/\/zonaroja.com.mx\/index.php?rest_route=\/wp\/v2\/media\/24099"}],"wp:attachment":[{"href":"https:\/\/zonaroja.com.mx\/index.php?rest_route=%2Fwp%2Fv2%2Fmedia&parent=26259"}],"wp:term":[{"taxonomy":"category","embeddable":true,"href":"https:\/\/zonaroja.com.mx\/index.php?rest_route=%2Fwp%2Fv2%2Fcategories&post=26259"},{"taxonomy":"post_tag","embeddable":true,"href":"https:\/\/zonaroja.com.mx\/index.php?rest_route=%2Fwp%2Fv2%2Ftags&post=26259"}],"curies":[{"name":"wp","href":"https:\/\/api.w.org\/{rel}","templated":true}]}}