{"id":26271,"date":"2021-04-21T13:05:56","date_gmt":"2021-04-21T18:05:56","guid":{"rendered":"https:\/\/www.zonaroja.com.mx\/?p=26271"},"modified":"2021-04-21T13:05:58","modified_gmt":"2021-04-21T18:05:58","slug":"muere-mujer-embarazada-afuera-del-hospital-civil-sso-afirma-que-llego-sin-signos-vitales","status":"publish","type":"post","link":"https:\/\/zonaroja.com.mx\/?p=26271","title":{"rendered":"Muere mujer embarazada afuera del Hospital Civil; SSO afirma que lleg\u00f3 sin signos vitales"},"content":{"rendered":"\n<p class=\"MsoNormal\">Yuridiana Sosa\/Zona Roja. <\/p>\n\n\n\n<p class=\"MsoNormal\">Oaxaca de Ju\u00e1rez, Oax., 21 de abril de 2021.- A fuera del Hospital Civil \u201cDr. Aurelio Valdivieso\u201d una mujer embarazada perdi\u00f3 la vida la ma\u00f1ana de&nbsp;<a href=\"\/\/2\">este martes<\/a>&nbsp;mientras esperaba ser recibida para su atenci\u00f3n m\u00e9dica.<\/p>\n\n\n\n<p class=\"MsoNormal\">Los Servicios de Salud de Oaxaca reportaron que la joven mujer de 27 a\u00f1os de edad ya no presentaba signos vitales cuando arrib\u00f3 al nosocomio a requerir de los servicios m\u00e9dicos.<\/p>\n\n\n\n<p class=\"MsoNormal\">LOS HECHOS&nbsp;<\/p>\n\n\n\n<p class=\"MsoNormal\">Poco despu\u00e9s <a href=\"\/\/3\">de las 08:00<\/a> horas se report\u00f3 el fallecimiento de una mujer embarazada dentro de un autom\u00f3vil tipo Chevy color rojo, con placas de circulaci\u00f3n TMG-10-19 de Oaxaca, el cual se encontraba estacionado frente al \u00e1rea de urgencias del nosocomio general.<\/p>\n\n\n\n<p class=\"MsoNormal\">De forma preliminar, se dio a conocer que la futura madre arrib\u00f3 al nosocomio en labor de parto y con s\u00edntomas relacionados a Covid-19, as\u00ed como que la mujer no fue atendida a tiempo al no haber personal disponible para su recepci\u00f3n.<\/p>\n\n\n\n<p class=\"MsoNormal\">SSO NIEGA FALTA DE ATENCI\u00d3N&nbsp;<\/p>\n\n\n\n<p class=\"MsoNormal\">Los Servicios de Salud de Oaxaca dieron a conocer que cuando la paciente lleg\u00f3 \u2013en compa\u00f1\u00eda de sus familiares- a recibir atenci\u00f3n m\u00e9dica, ya hab\u00eda fallecido.<\/p>\n\n\n\n<p class=\"MsoNormal\">Por medio de un comunicado, detall\u00f3 que el hecho se registr\u00f3 alrededor <a href=\"\/\/4\">de las 7:45 de la ma\u00f1ana<\/a>, cuando personal m\u00e9dico constat\u00f3 que la mujer de 27 a\u00f1os presentaba palidez en la piel, manos y labios morados, secreci\u00f3n en boca, baja temperatura y no reportaba signos vitales.<\/p>\n\n\n\n<p class=\"MsoNormal\">Por haber fallecido fuera de las instalaciones del Hospital Civil, el personal m\u00e9dico inform\u00f3 a la familia que no pod\u00edan redactar el certificado de defunci\u00f3n.<\/p>\n\n\n\n<p class=\"MsoNormal\">Los Servicios de Salud de Oaxaca (SSO), realizaron un llamado \u201cpara acudir a recibir atenci\u00f3n m\u00e9dica de manera oportuna y evitar emergencias que pongan en peligro su salud y vida\u201d.<\/p>\n\n\n\n<p class=\"MsoNormal\">SE RETIRAN DEL LUGAR<\/p>\n\n\n\n<p class=\"MsoNormal\">Sin esperar la llegada de personal de la Fiscal\u00eda General de Oaxaca para constatar el hecho, los familiares de la v\u00edctima se retiraron del lugar.<\/p>\n","protected":false},"excerpt":{"rendered":"<p>Yuridiana Sosa\/Zona Roja. Oaxaca de Ju\u00e1rez, Oax., 21 de abril de 2021.- A fuera del&hellip;<\/p>\n","protected":false},"author":2,"featured_media":26270,"comment_status":"closed","ping_status":"open","sticky":false,"template":"","format":"standard","meta":{"_lmt_disableupdate":"","_lmt_disable":"","_jetpack_memberships_contains_paid_content":false,"footnotes":""},"categories":[109,47],"tags":[],"class_list":["post-26271","post","type-post","status-publish","format-standard","has-post-thumbnail","hentry","category-minuto-a-minuto","category-zona-gris"],"jetpack_featured_media_url":"https:\/\/zonaroja.com.mx\/wp-content\/uploads\/2021\/04\/img_6471.jpg","jetpack_sharing_enabled":true,"_links":{"self":[{"href":"https:\/\/zonaroja.com.mx\/index.php?rest_route=\/wp\/v2\/posts\/26271","targetHints":{"allow":["GET"]}}],"collection":[{"href":"https:\/\/zonaroja.com.mx\/index.php?rest_route=\/wp\/v2\/posts"}],"about":[{"href":"https:\/\/zonaroja.com.mx\/index.php?rest_route=\/wp\/v2\/types\/post"}],"author":[{"embeddable":true,"href":"https:\/\/zonaroja.com.mx\/index.php?rest_route=\/wp\/v2\/users\/2"}],"replies":[{"embeddable":true,"href":"https:\/\/zonaroja.com.mx\/index.php?rest_route=%2Fwp%2Fv2%2Fcomments&post=26271"}],"version-history":[{"count":1,"href":"https:\/\/zonaroja.com.mx\/index.php?rest_route=\/wp\/v2\/posts\/26271\/revisions"}],"predecessor-version":[{"id":26272,"href":"https:\/\/zonaroja.com.mx\/index.php?rest_route=\/wp\/v2\/posts\/26271\/revisions\/26272"}],"wp:featuredmedia":[{"embeddable":true,"href":"https:\/\/zonaroja.com.mx\/index.php?rest_route=\/wp\/v2\/media\/26270"}],"wp:attachment":[{"href":"https:\/\/zonaroja.com.mx\/index.php?rest_route=%2Fwp%2Fv2%2Fmedia&parent=26271"}],"wp:term":[{"taxonomy":"category","embeddable":true,"href":"https:\/\/zonaroja.com.mx\/index.php?rest_route=%2Fwp%2Fv2%2Fcategories&post=26271"},{"taxonomy":"post_tag","embeddable":true,"href":"https:\/\/zonaroja.com.mx\/index.php?rest_route=%2Fwp%2Fv2%2Ftags&post=26271"}],"curies":[{"name":"wp","href":"https:\/\/api.w.org\/{rel}","templated":true}]}}