{"id":26274,"date":"2021-04-21T15:59:07","date_gmt":"2021-04-21T20:59:07","guid":{"rendered":"https:\/\/www.zonaroja.com.mx\/?p=26274"},"modified":"2021-04-21T16:09:33","modified_gmt":"2021-04-21T21:09:33","slug":"26274","status":"publish","type":"post","link":"https:\/\/zonaroja.com.mx\/?p=26274","title":{"rendered":"Otro caso de brutalidad policiaca en Oaxaca\u2026 y la Fiscal\u00eda investiga 15 horas despu\u00e9s"},"content":{"rendered":"\n<p class=\"MsoNormal\">Yuridiana Sosa\/Zona Roja.&nbsp;<\/p>\n\n\n\n<p class=\"MsoNormal\">Oaxaca de Ju\u00e1rez, Oax., 21 de abril de 2021. Con excesivo uso de la fuerza, dos elementos de la polic\u00eda municipal de Oaxaca de Ju\u00e1rez agredieron con disparos de arma de fuego, sin motivo aparente, a dos j\u00f3venes la noche de <a href=\"\/\/2\">este m<\/a>artes.<\/p>\n\n\n\n<p class=\"MsoNormal\">Y pese a que familiares de las v\u00edctimas denunciaron los hechos al instante, m\u00e1s de 15 horas despu\u00e9s la Fiscal\u00eda General de Oaxaca no hab\u00eda llegado a realizar las diligencias correspondientes.<\/p>\n\n\n\n<p class=\"MsoNormal\">El saldo del ataque fue de un joven herido de bala en el abdomen, pierna y con rozones de bala, quien se encuentra hospitalizado.&nbsp;<\/p>\n\n\n\n<p class=\"MsoNormal\">Vecinos de la calle de Camino Antiguo a Ixcotel, de la colonia Morelos, a pocos metros del bulevar Jos\u00e9 Vasconcelos, fueron testigos de la brutalidad policial, la cual tambi\u00e9n qued\u00f3 grabado en video c\u00e1maras de seguridad de algunos establecimientos de la zona.<\/p>\n\n\n\n<p class=\"MsoNormal\">M\u00e1s de tres llamadas al 911 para pedir ayuda a la Fiscal\u00eda de Oaxaca, en el transcurso <a href=\"\/\/3\">de las 19:45<\/a> horas cuando ocurri\u00f3 el hecho hasta <a href=\"\/\/4\">las 02:00 de la madrugada<\/a>, fueron insuficientes para la autoridad de procuraci\u00f3n de justicia, que hasta cerca <a href=\"\/\/5\">de las 11:00<\/a> horas de <a href=\"\/\/6\">este mi\u00e9rcoles<\/a> no se hab\u00eda presentado en el lugar.<\/p>\n\n\n\n<p><div class=\"twitter-tweet\"><blockquote class=\"twitter-tweet\" data-lang=\"es\"><p lang=\"es\" dir=\"ltr\"><a href=\"https:\/\/twitter.com\/hashtag\/%C3%9AltimoMinuto?src=hash&amp;ref_src=twsrc%5Etfw\">#\u00daltimoMinuto<\/a> <br>1. As\u00ed fue el ataque armado de presuntos elementos del <a href=\"https:\/\/twitter.com\/MunicipioOaxaca?ref_src=twsrc%5Etfw\">@MunicipioOaxaca<\/a> <a href=\"https:\/\/twitter.com\/MunicipioSeguro?ref_src=twsrc%5Etfw\">@MunicipioSeguro<\/a> cerca del pante\u00f3n General de la capital; hay un lesionado hospitalizado. <a href=\"https:\/\/t.co\/ya0WLtqihj\">pic.twitter.com\/ya0WLtqihj<\/a><\/p>&mdash; Zona Roja Oaxaca (@Zona_Roja_Oax) <a href=\"https:\/\/twitter.com\/Zona_Roja_Oax\/status\/1384903384143126531?ref_src=twsrc%5Etfw\">21 de abril de 2021<\/a><\/blockquote><\/div><\/p>\n\n\n\n<p class=\"MsoNormal\">EL ATAQUE&nbsp;<\/p>\n\n\n\n<p class=\"MsoNormal\">Alrededor&nbsp;<a href=\"\/\/7\">de las 19:45<\/a>&nbsp;horas de&nbsp;<a href=\"\/\/8\">este martes<\/a>, dos polic\u00edas municipales de la capital del estado interceptaron a dos j\u00f3venes trabajadores de un local de herrer\u00eda sobre la calle de Camino Antiguo a Ixcotel, de la colonia Morelos, a quienes atacaron, seg\u00fan se ve en un video difundido sobre los hechos.<\/p>\n\n\n\n<p class=\"MsoNormal\">Eli Rodr\u00edguez Vicente, propietaria del negocio de herrer\u00eda y patrona de los varones v\u00edctimas, denunci\u00f3 el hecho a medios de comunicaci\u00f3n ante la omisi\u00f3n de la Fiscal\u00eda General de Oaxaca para atender la denuncia telef\u00f3nica.<\/p>\n\n\n\n<p class=\"MsoNormal\">Los dos trabajadores regresaban de una tienda con direcci\u00f3n al local comercial cuando fueron alcanzados por los elementos, quienes se aprecian en el video que empujan a los j\u00f3venes, quienes tratan de defenderse de la agresi\u00f3n f\u00edsica.<\/p>\n\n\n\n<p class=\"MsoNormal\">La polic\u00eda dispar\u00f3 en al menos ocho ocasiones, logrando herir a Julio Montes Medina, quien recibi\u00f3 los disparos en el abdomen, pierna y otras lesiones menores, narr\u00f3 la mujer.<\/p>\n\n\n\n<p class=\"MsoNormal\">Rodr\u00edguez Vicente dijo que ella tambi\u00e9n fue amenazada por los uniformados cuando les reclam\u00f3 sobre la agresi\u00f3n.<\/p>\n\n\n\n<p class=\"MsoNormal\">En el lugar, al que solo lleg\u00f3 polic\u00eda municipal a resguardar el \u00e1rea, quedaron al menos ocho casquillos, pero la zona tambi\u00e9n es vigilada por los vecinos, quienes temen que los elementos alteren la escena.<\/p>\n\n\n\n<p><div class=\"twitter-tweet\"><blockquote class=\"twitter-tweet\" data-lang=\"es\"><p lang=\"es\" dir=\"ltr\">2. Este es el testimonio de la brutalidad policiaca de presuntos elementos del <a href=\"https:\/\/twitter.com\/MunicipioOaxaca?ref_src=twsrc%5Etfw\">@MunicipioOaxaca<\/a>; asegura que no hab\u00eda motivo para la agresi\u00f3n a sus trabajadores; uno tiene tres balazos y est\u00e1 internado en el Hospital Civil de la capital. <a href=\"https:\/\/t.co\/0rlCZHi907\">pic.twitter.com\/0rlCZHi907<\/a><\/p>&mdash; Zona Roja Oaxaca (@Zona_Roja_Oax) <a href=\"https:\/\/twitter.com\/Zona_Roja_Oax\/status\/1384911921284063239?ref_src=twsrc%5Etfw\">21 de abril de 2021<\/a><\/blockquote><\/div><\/p>\n\n\n\n<p class=\"MsoNormal\">AMENAZAS DE NO DIFUNDIR EL HECHO<\/p>\n\n\n\n<p class=\"MsoNormal\">La mujer indic\u00f3 que de forma inmediata tras los hechos llam\u00f3 al 911 para pedir la presencia de la Fiscal\u00eda de Oaxaca. Cerca de las 21:00 horas volvi\u00f3 a llamar, pero tampoco tuvo \u00e9xito. A eso&nbsp;<a href=\"\/\/10\">de las 02:00<\/a>&nbsp;horas volvi\u00f3 a pedir auxilio, pero una vez m\u00e1s no hubo atenci\u00f3n con la presencia de peritos.<\/p>\n\n\n\n<p class=\"MsoNormal\">En las llamadas le indicaron que no denunciara el hecho de forma p\u00fablica, pero al pasar 15 horas de los hechos la mujer decidi\u00f3 darlo a conocer.<\/p>\n\n\n\n<p class=\"MsoNormal\">Ahora, ella como sus vecinos temen por su seguridad, pues ante este hecho violento fueron ignorados.&nbsp;<\/p>\n\n\n\n<p class=\"MsoNormal\">Denunci\u00f3 que tanto la polic\u00eda municipal como la Fiscal\u00eda han querido entorpecer las investigaciones on el prop\u00f3sito de defender a los uniformados. <\/p>\n","protected":false},"excerpt":{"rendered":"<p>Yuridiana Sosa\/Zona Roja.&nbsp; Oaxaca de Ju\u00e1rez, Oax., 21 de abril de 2021. Con excesivo uso&hellip;<\/p>\n","protected":false},"author":2,"featured_media":26273,"comment_status":"closed","ping_status":"open","sticky":false,"template":"","format":"standard","meta":{"_lmt_disableupdate":"","_lmt_disable":"","_jetpack_memberships_contains_paid_content":false,"footnotes":""},"categories":[109,51],"tags":[2621],"class_list":["post-26274","post","type-post","status-publish","format-standard","has-post-thumbnail","hentry","category-minuto-a-minuto","category-zona-roja","tag-pa-aca-de-juarez"],"jetpack_featured_media_url":"https:\/\/zonaroja.com.mx\/wp-content\/uploads\/2021\/04\/0b5ba614-2c4d-45ba-a91a-174b83523971.jpg","jetpack_sharing_enabled":true,"_links":{"self":[{"href":"https:\/\/zonaroja.com.mx\/index.php?rest_route=\/wp\/v2\/posts\/26274","targetHints":{"allow":["GET"]}}],"collection":[{"href":"https:\/\/zonaroja.com.mx\/index.php?rest_route=\/wp\/v2\/posts"}],"about":[{"href":"https:\/\/zonaroja.com.mx\/index.php?rest_route=\/wp\/v2\/types\/post"}],"author":[{"embeddable":true,"href":"https:\/\/zonaroja.com.mx\/index.php?rest_route=\/wp\/v2\/users\/2"}],"replies":[{"embeddable":true,"href":"https:\/\/zonaroja.com.mx\/index.php?rest_route=%2Fwp%2Fv2%2Fcomments&post=26274"}],"version-history":[{"count":3,"href":"https:\/\/zonaroja.com.mx\/index.php?rest_route=\/wp\/v2\/posts\/26274\/revisions"}],"predecessor-version":[{"id":26278,"href":"https:\/\/zonaroja.com.mx\/index.php?rest_route=\/wp\/v2\/posts\/26274\/revisions\/26278"}],"wp:featuredmedia":[{"embeddable":true,"href":"https:\/\/zonaroja.com.mx\/index.php?rest_route=\/wp\/v2\/media\/26273"}],"wp:attachment":[{"href":"https:\/\/zonaroja.com.mx\/index.php?rest_route=%2Fwp%2Fv2%2Fmedia&parent=26274"}],"wp:term":[{"taxonomy":"category","embeddable":true,"href":"https:\/\/zonaroja.com.mx\/index.php?rest_route=%2Fwp%2Fv2%2Fcategories&post=26274"},{"taxonomy":"post_tag","embeddable":true,"href":"https:\/\/zonaroja.com.mx\/index.php?rest_route=%2Fwp%2Fv2%2Ftags&post=26274"}],"curies":[{"name":"wp","href":"https:\/\/api.w.org\/{rel}","templated":true}]}}