{"id":26279,"date":"2021-04-21T16:50:59","date_gmt":"2021-04-21T21:50:59","guid":{"rendered":"https:\/\/www.zonaroja.com.mx\/?p=26279"},"modified":"2021-04-21T16:53:47","modified_gmt":"2021-04-21T21:53:47","slug":"hermanas-de-claudia-uruchurtu-denuncian-protagonismo-de-edil-de-nochixtlan","status":"publish","type":"post","link":"https:\/\/zonaroja.com.mx\/?p=26279","title":{"rendered":"Hermanas de Claudia Uruchurtu denuncian protagonismo de edil de Nochixtl\u00e1n"},"content":{"rendered":"\n<p class=\"MsoNormal\">Yuridiana Sosa\/Zona Roja. <\/p>\n\n\n\n<p class=\"MsoNormal\">Oaxaca de Ju\u00e1rez, Oax., 21 de abril de 2021.- A casi un mes de la desaparici\u00f3n de Claudia Uruchurtu Cruz en Asunci\u00f3n Nochixtl\u00e1n, sus hermanas Elizabeth y Sara, denunciaron protagonismo de las autoridades municipales encabezadas por Lizbeth Victoria Huerta, con \u201ctendenciosos\u201d comunicados en torno a la desaparici\u00f3n forzada. <\/p>\n\n\n\n<p class=\"MsoNormal\">Las hermanas de la v\u00edctima de desaparici\u00f3n precisaron por medio de un comunicado sobre el trabajo que como familia han realizado, desde denunciar el caso con organismos internacionales hasta lograr que las autoridades mexicanas act\u00faen en la b\u00fasqueda de la mujer de 48 a\u00f1os de edad, de nacionalidad mexicana y brit\u00e1nica.<\/p>\n\n\n\n<p class=\"MsoNormal\">Desde la desaparici\u00f3n de Claudia, el 26 de marzo por la noche en inmediaciones del palacio municipal de Nochixtl\u00e1n, la edil ha manifestado su deslinde del hecho y afirmado que han contribuido en lo necesario para localizarla.<\/p>\n\n\n\n<p class=\"MsoNormal\">\u201cMoveremos piedra por piedra hasta localizarla, sabemos y entendemos del entorno pol\u00edtico donde los sospechosos se mueven, les decimos que no les ser\u00e1 suficiente, este agravio no quedar\u00e1 impune\u201d, apuntaron en el comunicado Elizabeth y Sara Uruchurtu.<\/p>\n\n\n\n<p class=\"MsoNormal\">En el escrito, las hermanas recordaron que Claudia Uruchurtu hab\u00eda denunciado actos de corrupci\u00f3n de las autoridades municipales de Asunci\u00f3n Nochixtl\u00e1n, \u201clos document\u00f3, recab\u00f3 pruebas y lleg\u00f3 a presentar denuncias ante la Fiscal\u00eda Anticorrupci\u00f3n en Oaxaca, ante el \u00d3rgano Superior de Fiscalizaci\u00f3n del Estado, ante la Presidencia de la Rep\u00fablica y ante diversos medios de comunicaci\u00f3n\u201d.<\/p>\n\n\n\n<p class=\"MsoNormal\">Pero, adem\u00e1s, Claudia publicaba en su cuenta de Facebook \u201ccuestionamientos p\u00fablicos directos y demoledores hacia las autoridades municipales. Cuestionamientos crudos, indiscutibles con adjetivos precisos e irrefutables, que arrancan la m\u00e1scara con la que se esconde el verdadero rostro de las autoridades municipales de Nochixtl\u00e1n\u201d.&nbsp;<\/p>\n\n\n\n<p class=\"MsoNormal\">El d\u00eda de la desaparici\u00f3n, Claudia protest\u00f3 por la detenci\u00f3n y agresiones contra un ciudadano por el que ped\u00edan su libertad.&nbsp;<\/p>\n\n\n\n<p class=\"MsoNormal\">Minutos despu\u00e9s de la protesta, seg\u00fan testigos, Claudia fue secuestrada por individuos que iban a bordo de una camioneta roja presumiblemente propiedad del municipio o al menos que prestaba sus servicios a dicho Ayuntamiento.<\/p>\n\n\n\n<p class=\"MsoNormal\">Elizabeth y Sara se\u00f1alaron que la desaparici\u00f3n de Claudia coincide con el aumento de su visibilidad como defensora de derechos humanos por investigar y denunciar corrupci\u00f3n a nivel municipal y tambi\u00e9n por su labor de movilizaci\u00f3n para frenar el abuso de poder.<\/p>\n\n\n\n<p class=\"MsoNormal\">Raz\u00f3n por la que no van a descansar en acciones hasta encontrar a Claudia y que los responsables de esta desaparici\u00f3n forzada sean detenidos.<\/p>\n","protected":false},"excerpt":{"rendered":"<p>Yuridiana Sosa\/Zona Roja. Oaxaca de Ju\u00e1rez, Oax., 21 de abril de 2021.- A casi un&hellip;<\/p>\n","protected":false},"author":2,"featured_media":26000,"comment_status":"closed","ping_status":"open","sticky":false,"template":"","format":"standard","meta":{"_lmt_disableupdate":"","_lmt_disable":"","_jetpack_memberships_contains_paid_content":false,"footnotes":""},"categories":[109,47],"tags":[2582],"class_list":["post-26279","post","type-post","status-publish","format-standard","has-post-thumbnail","hentry","category-minuto-a-minuto","category-zona-gris","tag-claudia-uruchurtu-cruz"],"jetpack_featured_media_url":"https:\/\/zonaroja.com.mx\/wp-content\/uploads\/2021\/04\/Claudia-Uruchurtu-C..jpg","jetpack_sharing_enabled":true,"_links":{"self":[{"href":"https:\/\/zonaroja.com.mx\/index.php?rest_route=\/wp\/v2\/posts\/26279","targetHints":{"allow":["GET"]}}],"collection":[{"href":"https:\/\/zonaroja.com.mx\/index.php?rest_route=\/wp\/v2\/posts"}],"about":[{"href":"https:\/\/zonaroja.com.mx\/index.php?rest_route=\/wp\/v2\/types\/post"}],"author":[{"embeddable":true,"href":"https:\/\/zonaroja.com.mx\/index.php?rest_route=\/wp\/v2\/users\/2"}],"replies":[{"embeddable":true,"href":"https:\/\/zonaroja.com.mx\/index.php?rest_route=%2Fwp%2Fv2%2Fcomments&post=26279"}],"version-history":[{"count":1,"href":"https:\/\/zonaroja.com.mx\/index.php?rest_route=\/wp\/v2\/posts\/26279\/revisions"}],"predecessor-version":[{"id":26280,"href":"https:\/\/zonaroja.com.mx\/index.php?rest_route=\/wp\/v2\/posts\/26279\/revisions\/26280"}],"wp:featuredmedia":[{"embeddable":true,"href":"https:\/\/zonaroja.com.mx\/index.php?rest_route=\/wp\/v2\/media\/26000"}],"wp:attachment":[{"href":"https:\/\/zonaroja.com.mx\/index.php?rest_route=%2Fwp%2Fv2%2Fmedia&parent=26279"}],"wp:term":[{"taxonomy":"category","embeddable":true,"href":"https:\/\/zonaroja.com.mx\/index.php?rest_route=%2Fwp%2Fv2%2Fcategories&post=26279"},{"taxonomy":"post_tag","embeddable":true,"href":"https:\/\/zonaroja.com.mx\/index.php?rest_route=%2Fwp%2Fv2%2Ftags&post=26279"}],"curies":[{"name":"wp","href":"https:\/\/api.w.org\/{rel}","templated":true}]}}