{"id":26284,"date":"2021-04-21T20:19:27","date_gmt":"2021-04-22T01:19:27","guid":{"rendered":"http:\/\/www.zonaroja.com.mx\/?p=26284"},"modified":"2021-04-21T20:19:31","modified_gmt":"2021-04-22T01:19:31","slug":"confirman-fallecimiento-de-una-persona-en-oaxaca-tras-vacunarse-contra-el-covid","status":"publish","type":"post","link":"https:\/\/zonaroja.com.mx\/?p=26284","title":{"rendered":"Confirman fallecimiento de una persona en Oaxaca tras vacunarse contra el Covid"},"content":{"rendered":"\n<p>Redacci\u00f3n\/Zona Roja. Foto: Cortes\u00eda<\/p>\n\n\n\n<p>Oaxaca de Ju\u00e1rez, Oax., 21 de abril de 2021.- La dependencia Servicios de Salud de Oaxaca (SSO) confirm\u00f3 el fallecimiento hoy de una persona, tras aplicarse la vacuna contra el Covid-19 en la regi\u00f3n del Istmo de Tehuantepec.<\/p>\n\n\n\n<p>De manera extraoficial, se dio a conocer que la v\u00edctima es el doctor Armando Canseco Peralta, de 80 a\u00f1os de edad, originario del barrio Guichivere de Santo Domingo Tehuantepec, tras aplic\u00e1rsele el inmunol\u00f3gico en el sal\u00f3n \u201cBladuy\u00fa\u201d de ese municipio.<\/p>\n\n\n\n<p>En un comunicado, la instituci\u00f3n precis\u00f3 que ante un Evento Supuestamente Atribuible a Vacunaci\u00f3n e Inmunizaci\u00f3n (ESAVI) grave registrado esta tarde en Tehuantepec, las y los vacunadores cumplieron con el protocolo de aplicaci\u00f3n de la vacuna.<\/p>\n\n\n\n<p>\u00c9ste consiste en revisar el nombre de la vacuna a aplicar, el lote correspondiente, la caducidad, su temperatura y revisar la dosis y v\u00eda a aplicar, as\u00ed como verificar que el registro corresponda al paciente y datos generales del mismo.<\/p>\n\n\n\n<p>\u201cRespecto al protocolo de observaci\u00f3n, los Servicios de Salud de Oaxaca, cumplen con la vigilancia del paciente, la cual es realizada por m\u00e9dicos que est\u00e1n pendientes de cualquier situaci\u00f3n que se pudiera presentar durante los primeros 30 minutos posteriores a la vacunaci\u00f3n de acuerdo a los lineamientos establecidos.<\/p>\n\n\n\n<p>\u201cEn todos los puntos de vacunaci\u00f3n se cuenta con medicamentos, ox\u00edgeno y una ambulancia de traslado que pudieran utilizarse en caso de presentarse alg\u00fan evento adverso ocasionado por la vacuna\u201d.<\/p>\n\n\n\n<p>Detall\u00f3 que el personal vacunador se encuentra capacitado para la aplicaci\u00f3n de las vacunas contra la Covid-19, adem\u00e1s en cada puesto de vacunaci\u00f3n hay m\u00e9dicos vigilando el estado de salud de los pacientes.<\/p>\n\n\n\n<p>Pese a ello, \u201ccon profunda pena\u201d, inform\u00f3 del fallecimiento de un adulto del sexo masculino de 80 a\u00f1os del barrio Guichivere, mismo que acudi\u00f3 esta tarde a recibir la aplicaci\u00f3n de la vacuna contra la Covid-19. \u201cAl momento de recibir el biol\u00f3gico el adulto mayor no report\u00f3 sentirse mal.<\/p>\n\n\n\n<p>\u201cPosterior a la aplicaci\u00f3n de la vacuna, al pasar a la sala de observaci\u00f3n present\u00f3 desvanecimiento, siendo atendido inmediatamente por personal m\u00e9dico que se encontraba en el lugar, y ante la gravedad del paciente, fue trasladado al Hospital General de Santo Domingo Tehuantepec, brindado soporte m\u00e9dico durante el trayecto sin obtener respuesta corroborando su defunci\u00f3n a la llegada al hospital.<\/p>\n\n\n\n<p>\u201cTodos los casos de ESAVI graves son dictaminados por un Comit\u00e9 Nacional de Expertos de acuerdo a los lineamientos establecidos.<\/p>\n\n\n\n<p>\u201cAnte este lamentable acontecimiento los Servicios de Salud de Oaxaca, exhortan a la ciudadan\u00eda a no abstenerse de brindar informaci\u00f3n y no ocultar s\u00edntomas cuando el personal de salud los interrogue al momento de llegar al punto de vacunaci\u00f3n\u201d.<\/p>\n","protected":false},"excerpt":{"rendered":"<p>Redacci\u00f3n\/Zona Roja. Foto: Cortes\u00eda Oaxaca de Ju\u00e1rez, Oax., 21 de abril de 2021.- La dependencia&hellip;<\/p>\n","protected":false},"author":2,"featured_media":26285,"comment_status":"closed","ping_status":"open","sticky":false,"template":"","format":"standard","meta":{"_lmt_disableupdate":"","_lmt_disable":"","_jetpack_memberships_contains_paid_content":false,"footnotes":""},"categories":[109,47],"tags":[2622,1512],"class_list":["post-26284","post","type-post","status-publish","format-standard","has-post-thumbnail","hentry","category-minuto-a-minuto","category-zona-gris","tag-armando-canseco-peralta","tag-coronavirus-oaxaca"],"jetpack_featured_media_url":"https:\/\/zonaroja.com.mx\/wp-content\/uploads\/2021\/04\/Vacuna-contra-el-Covid-2.jpg","jetpack_sharing_enabled":true,"_links":{"self":[{"href":"https:\/\/zonaroja.com.mx\/index.php?rest_route=\/wp\/v2\/posts\/26284","targetHints":{"allow":["GET"]}}],"collection":[{"href":"https:\/\/zonaroja.com.mx\/index.php?rest_route=\/wp\/v2\/posts"}],"about":[{"href":"https:\/\/zonaroja.com.mx\/index.php?rest_route=\/wp\/v2\/types\/post"}],"author":[{"embeddable":true,"href":"https:\/\/zonaroja.com.mx\/index.php?rest_route=\/wp\/v2\/users\/2"}],"replies":[{"embeddable":true,"href":"https:\/\/zonaroja.com.mx\/index.php?rest_route=%2Fwp%2Fv2%2Fcomments&post=26284"}],"version-history":[{"count":1,"href":"https:\/\/zonaroja.com.mx\/index.php?rest_route=\/wp\/v2\/posts\/26284\/revisions"}],"predecessor-version":[{"id":26286,"href":"https:\/\/zonaroja.com.mx\/index.php?rest_route=\/wp\/v2\/posts\/26284\/revisions\/26286"}],"wp:featuredmedia":[{"embeddable":true,"href":"https:\/\/zonaroja.com.mx\/index.php?rest_route=\/wp\/v2\/media\/26285"}],"wp:attachment":[{"href":"https:\/\/zonaroja.com.mx\/index.php?rest_route=%2Fwp%2Fv2%2Fmedia&parent=26284"}],"wp:term":[{"taxonomy":"category","embeddable":true,"href":"https:\/\/zonaroja.com.mx\/index.php?rest_route=%2Fwp%2Fv2%2Fcategories&post=26284"},{"taxonomy":"post_tag","embeddable":true,"href":"https:\/\/zonaroja.com.mx\/index.php?rest_route=%2Fwp%2Fv2%2Ftags&post=26284"}],"curies":[{"name":"wp","href":"https:\/\/api.w.org\/{rel}","templated":true}]}}