{"id":26287,"date":"2021-04-21T21:29:28","date_gmt":"2021-04-22T02:29:28","guid":{"rendered":"http:\/\/www.zonaroja.com.mx\/?p=26287"},"modified":"2021-04-21T21:29:32","modified_gmt":"2021-04-22T02:29:32","slug":"siete-de-cada-10-capitalinos-se-siente-vulnerables-a-la-inseguridad","status":"publish","type":"post","link":"https:\/\/zonaroja.com.mx\/?p=26287","title":{"rendered":"Siete de cada 10 capitalinos se siente vulnerables a la inseguridad"},"content":{"rendered":"\n<p>Evlin Arag\u00f3n\/Zona Roja.<\/p>\n\n\n\n<p>Oaxaca de Ju\u00e1rez, Oax., 21 de abril de 2021.- Siete de cada 10 habitantes de la capital de Oaxaca se sienten inseguros en la demarcaci\u00f3n, de acuerdo con los datos expuestos en la Encuesta Nacional de Seguridad P\u00fablica Urbana realizada por el INEGI en la primera quincena de marzo de 2021.<\/p>\n\n\n\n<p>Seg\u00fan la tabla de resultado, la capital oaxaque\u00f1a registra un 70.5 por ciento de percepci\u00f3n en materia de inseguridad, cifra que se avala con una serie de videos que registran asaltos a mano armada, difundidos a trav\u00e9s de las redes sociales.&nbsp;<\/p>\n\n\n\n<p>Oaxaca se encuentra por arriba de la media nacional que es de 66.4 por ciento de percepci\u00f3n de social sobre inseguridad p\u00fablica, aunque muy por debajo de Fresnillo, ciudad que sr ubica el deshonroso primer lugar de la tabla con un 94.8 por ciento.<\/p>\n\n\n\n<p>Los sitios en los que la poblaci\u00f3n de todo el pa\u00eds, incluida la oaxaque\u00f1a, se siente con mayor riesgo de ser vulnerada en su seguridad son: cajeros autom\u00e1ticos localizados en la v\u00eda p\u00fablica, v\u00eda p\u00fablica, transporte p\u00fablico, banco, y calles que habitualmente usa.&nbsp;<\/p>\n\n\n\n<p>Seguidos, en menor medida, del mercado, parque recreativo, carretera, centro comercial, autom\u00f3vil, trabajo, casa y escuela.&nbsp;<\/p>\n\n\n\n<p>La capital redujo m\u00ednimamente su porcentaje con relaci\u00f3n al a\u00f1o pasado, pasando del 74.3 por ciento en 2020, al 70.5 en el 2021.&nbsp;&nbsp;<\/p>\n\n\n\n<p>Mientras que, en torno a la existencia de conflictos y conductas antisociales, que derivan en enfrentamientos con otras personas, Oaxaca paso de 18.4 por ciento, en el cuarto trimestre del 2020, a 26.7 por ciento, a\u00fan pese a la contingencia sanitaria y el resguardo domiciliario.&nbsp;<\/p>\n\n\n\n<p>Aunque no hay datos espec\u00edficos, la poblaci\u00f3n oaxaque\u00f1a se incluye en el 59.1 por ciento de personas mayores a 18 a\u00f1os que han tenido que modificar sus h\u00e1bitos respecto a \u201cllevar cosas de valor como joyas, dinero o tarjetas de cr\u00e9dito\u201d por temor a sufrir alg\u00fan delito.<\/p>\n\n\n\n<p>Mientras que 51.6 por ciento reconoci\u00f3 haber cambiado h\u00e1bitos respecto a \u201ccaminar por los alrededores de su vivienda, pasadas las ocho de la noche\u201d; 48.3 por ciento cambi\u00f3 rutinas en cuanto a \u201cpermitir que sus hijos menores salgan de su vivienda\u201d y 34.7 por ciento cambi\u00f3 rutinas relacionadas con \u201cvisitar parientes o amigos\u201d.<\/p>\n","protected":false},"excerpt":{"rendered":"<p>Evlin Arag\u00f3n\/Zona Roja. Oaxaca de Ju\u00e1rez, Oax., 21 de abril de 2021.- Siete de cada&hellip;<\/p>\n","protected":false},"author":2,"featured_media":25121,"comment_status":"closed","ping_status":"open","sticky":false,"template":"","format":"standard","meta":{"_lmt_disableupdate":"","_lmt_disable":"","_jetpack_memberships_contains_paid_content":false,"footnotes":""},"categories":[109,47],"tags":[148],"class_list":["post-26287","post","type-post","status-publish","format-standard","has-post-thumbnail","hentry","category-minuto-a-minuto","category-zona-gris","tag-oaxaca-de-juarez"],"jetpack_featured_media_url":"https:\/\/zonaroja.com.mx\/wp-content\/uploads\/2021\/03\/Asesinado-ciudad-de-Oaxaca-1.jpg","jetpack_sharing_enabled":true,"_links":{"self":[{"href":"https:\/\/zonaroja.com.mx\/index.php?rest_route=\/wp\/v2\/posts\/26287","targetHints":{"allow":["GET"]}}],"collection":[{"href":"https:\/\/zonaroja.com.mx\/index.php?rest_route=\/wp\/v2\/posts"}],"about":[{"href":"https:\/\/zonaroja.com.mx\/index.php?rest_route=\/wp\/v2\/types\/post"}],"author":[{"embeddable":true,"href":"https:\/\/zonaroja.com.mx\/index.php?rest_route=\/wp\/v2\/users\/2"}],"replies":[{"embeddable":true,"href":"https:\/\/zonaroja.com.mx\/index.php?rest_route=%2Fwp%2Fv2%2Fcomments&post=26287"}],"version-history":[{"count":1,"href":"https:\/\/zonaroja.com.mx\/index.php?rest_route=\/wp\/v2\/posts\/26287\/revisions"}],"predecessor-version":[{"id":26288,"href":"https:\/\/zonaroja.com.mx\/index.php?rest_route=\/wp\/v2\/posts\/26287\/revisions\/26288"}],"wp:featuredmedia":[{"embeddable":true,"href":"https:\/\/zonaroja.com.mx\/index.php?rest_route=\/wp\/v2\/media\/25121"}],"wp:attachment":[{"href":"https:\/\/zonaroja.com.mx\/index.php?rest_route=%2Fwp%2Fv2%2Fmedia&parent=26287"}],"wp:term":[{"taxonomy":"category","embeddable":true,"href":"https:\/\/zonaroja.com.mx\/index.php?rest_route=%2Fwp%2Fv2%2Fcategories&post=26287"},{"taxonomy":"post_tag","embeddable":true,"href":"https:\/\/zonaroja.com.mx\/index.php?rest_route=%2Fwp%2Fv2%2Ftags&post=26287"}],"curies":[{"name":"wp","href":"https:\/\/api.w.org\/{rel}","templated":true}]}}