{"id":26289,"date":"2021-04-21T22:03:24","date_gmt":"2021-04-22T03:03:24","guid":{"rendered":"http:\/\/www.zonaroja.com.mx\/?p=26289"},"modified":"2021-04-21T22:03:28","modified_gmt":"2021-04-22T03:03:28","slug":"ejecutan-en-juchitan-a-empleado-de-gasera-tras-asaltarlo","status":"publish","type":"post","link":"https:\/\/zonaroja.com.mx\/?p=26289","title":{"rendered":"Ejecutan en Juchit\u00e1n a empleado de gasera tras asaltarlo"},"content":{"rendered":"\n<p>Redacci\u00f3n\/Zona Roja.<\/p>\n\n\n\n<p>Oaxaca de Ju\u00e1rez, Oax., 21 de abril de 2021.- Un trabajador de una empresa de gas LP fue asesinado la tarde de este mi\u00e9rcoles en Juchit\u00e1n de Zaragoza, tras presunto asalto.<\/p>\n\n\n\n<p>Los hechos sucedieron en la calle Emiliano Zapata de la colonia Gustavo Pineda de la Cruz; el operador del cami\u00f3n de tanques de gas, al parecer opuso resistencia, por lo cual fue baleado.<\/p>\n\n\n\n<p>La v\u00edctima, quien laboraba en la empresa Gas del Tr\u00f3pico, fue identificada como Vicente B. G. y hasta el momento no hay personas detenidas.<\/p>\n\n\n\n<p>AYER UN PROFESOR<\/p>\n\n\n\n<p>Por otra parte, ayer por la ma\u00f1ana fue asesinado a balazos un profesor, en el municipio de Mat\u00edas Romero Avenda\u00f1o, tambi\u00e9n en la regi\u00f3n del Istmo.<\/p>\n\n\n\n<p>Fue en la calle Francisco I. Madero en que fue localizado ayer por la ma\u00f1ana el cuerpo de una persona del sexo masculino, en avanzado estado de descomposici\u00f3n.<\/p>\n\n\n\n<p>Fue identificado como Gabriel Garc\u00eda Dom\u00ednguez, de 63 a\u00f1os de edad, quien se desempe\u00f1\u00f3 como docente en la Escuela Secundaria T\u00e9cnica n\u00famero 5; hasta el momento se desconocen las causas del deceso.<\/p>\n","protected":false},"excerpt":{"rendered":"<p>Redacci\u00f3n\/Zona Roja. Oaxaca de Ju\u00e1rez, Oax., 21 de abril de 2021.- Un trabajador de una&hellip;<\/p>\n","protected":false},"author":2,"featured_media":26290,"comment_status":"closed","ping_status":"open","sticky":false,"template":"","format":"standard","meta":{"_lmt_disableupdate":"","_lmt_disable":"","_jetpack_memberships_contains_paid_content":false,"footnotes":""},"categories":[109,51],"tags":[123],"class_list":["post-26289","post","type-post","status-publish","format-standard","has-post-thumbnail","hentry","category-minuto-a-minuto","category-zona-roja","tag-juchitan-de-zaragoza"],"jetpack_featured_media_url":"https:\/\/zonaroja.com.mx\/wp-content\/uploads\/2021\/04\/Asesinado-gasera-Juchitan.jpg","jetpack_sharing_enabled":true,"_links":{"self":[{"href":"https:\/\/zonaroja.com.mx\/index.php?rest_route=\/wp\/v2\/posts\/26289","targetHints":{"allow":["GET"]}}],"collection":[{"href":"https:\/\/zonaroja.com.mx\/index.php?rest_route=\/wp\/v2\/posts"}],"about":[{"href":"https:\/\/zonaroja.com.mx\/index.php?rest_route=\/wp\/v2\/types\/post"}],"author":[{"embeddable":true,"href":"https:\/\/zonaroja.com.mx\/index.php?rest_route=\/wp\/v2\/users\/2"}],"replies":[{"embeddable":true,"href":"https:\/\/zonaroja.com.mx\/index.php?rest_route=%2Fwp%2Fv2%2Fcomments&post=26289"}],"version-history":[{"count":1,"href":"https:\/\/zonaroja.com.mx\/index.php?rest_route=\/wp\/v2\/posts\/26289\/revisions"}],"predecessor-version":[{"id":26291,"href":"https:\/\/zonaroja.com.mx\/index.php?rest_route=\/wp\/v2\/posts\/26289\/revisions\/26291"}],"wp:featuredmedia":[{"embeddable":true,"href":"https:\/\/zonaroja.com.mx\/index.php?rest_route=\/wp\/v2\/media\/26290"}],"wp:attachment":[{"href":"https:\/\/zonaroja.com.mx\/index.php?rest_route=%2Fwp%2Fv2%2Fmedia&parent=26289"}],"wp:term":[{"taxonomy":"category","embeddable":true,"href":"https:\/\/zonaroja.com.mx\/index.php?rest_route=%2Fwp%2Fv2%2Fcategories&post=26289"},{"taxonomy":"post_tag","embeddable":true,"href":"https:\/\/zonaroja.com.mx\/index.php?rest_route=%2Fwp%2Fv2%2Ftags&post=26289"}],"curies":[{"name":"wp","href":"https:\/\/api.w.org\/{rel}","templated":true}]}}