{"id":26295,"date":"2021-04-22T07:45:44","date_gmt":"2021-04-22T12:45:44","guid":{"rendered":"http:\/\/www.zonaroja.com.mx\/?p=26295"},"modified":"2021-04-22T07:45:48","modified_gmt":"2021-04-22T12:45:48","slug":"hernandez-fraguas-y-mariana-nassar-valoran-presentar-accion-colectiva-contra-el-padron-de-celulares","status":"publish","type":"post","link":"https:\/\/zonaroja.com.mx\/?p=26295","title":{"rendered":"Hern\u00e1ndez Fraguas y Mariana Nassar, valoran presentar acci\u00f3n colectiva contra el padr\u00f3n de celulares"},"content":{"rendered":"\n<p>Redacci\u00f3n\/Zona Roja.<\/p>\n\n\n\n<p>Oaxaca de Ju\u00e1rez, Oax., 22 de abril de 2021.- La creaci\u00f3n del Padr\u00f3n Nacional de Usuarios de Telefon\u00eda M\u00f3vil, aprobado por el Congreso de la Uni\u00f3n, que establece la obligaci\u00f3n de entregar los datos biom\u00e9tricos de los ciudadanos, viola la Constituci\u00f3n y atenta contra los derechos humanos.<\/p>\n\n\n\n<p>Lo anterior, toda vez que se exponen datos personales, huellas digitales, reconocimiento facial e iris de los ojos, los cuales podr\u00edan ser utilizados en malas pr\u00e1cticas, se\u00f1al\u00f3 Jos\u00e9 Antonio Hern\u00e1ndez Fraguas, candidato a diputado federal por el distrito VIII con cabecera en Oaxaca de Ju\u00e1rez.<\/p>\n\n\n\n<p>\u201cEn este sentido, hemos recibido m\u00faltiples mensajes, llamadas y exigencias de ciudadanas y ciudadanos preocupados por el uso que pueda darse a estos datos, por ello estamos valorando la posibilidad de presentar una acci\u00f3n colectiva, que permita a la ciudadan\u00eda ampararse contra los efectos legales de dicho decreto\u201d, dijo, con su compa\u00f1era de f\u00f3rmula, Mariana Nassar.<\/p>\n\n\n\n<p>Expuso que como lo ha dicho el propio Instituto Nacional de Acceso a la Informaci\u00f3n (INAI), se advierte un riesgo potencial al permitir el mal manejo de informaci\u00f3n de los datos biom\u00e9tricos, por ello se considera imprescindible limitar al m\u00e1ximo la recolecci\u00f3n de dichos datos, para evitar una posible violaci\u00f3n a los derechos de Identidad y Privacidad de las Personas.<\/p>\n\n\n\n<p>Esta acci\u00f3n se suma a la creaci\u00f3n de una plataforma en l\u00ednea implementada por la Red de los Derechos Digitales, para interponer amparos masivos contra este padr\u00f3n impuesto por el Gobierno Federal.<\/p>\n\n\n\n<p>\u201cHemos venido diciendo a lo largo de la campa\u00f1a que los diputados no pueden funcionar como figuras decorativas, que aprueben sin analizar a detalle las iniciativas del Ejecutivo o cualquier otro ente, mucho menos cuando estas atentan contra los derechos y libertades del pueblo mexicano\u201d, manifest\u00f3.<\/p>\n\n\n\n<p>A\u00f1adi\u00f3 que la ciudadan\u00eda debe valorar el desempe\u00f1o de los actuales diputados federales que buscan reelegirse como Benjam\u00edn Robles Montoya y Maribel Mart\u00ednez, que en ning\u00fan momento han dudado en aprobar proyectos que traicionan a la ciudadan\u00eda, como el citado anteriormente, la Ley de Hidrocarburos, Ley de la Industria El\u00e9ctrica, el Presupuesto de Ingresos de la Federaci\u00f3n, la desaparici\u00f3n de Prospera, el Seguro Popular y la eliminaci\u00f3n de 109 fideicomisos, que inclu\u00edan apoyo a emprendedores, investigadores, estudiantes, madres solteras, mujeres v\u00edctimas de violencia, etc.<\/p>\n\n\n\n<p>Aseguraron que el compromiso los candidatos al Distrito VIII, Jos\u00e9 Antonio Hern\u00e1ndez Fraguas y Mariana Nassar Pi\u00f1eyro, es la protecci\u00f3n irrestricta a los datos personales y los derechos inherentes a las personas.<\/p>\n","protected":false},"excerpt":{"rendered":"<p>Redacci\u00f3n\/Zona Roja. Oaxaca de Ju\u00e1rez, Oax., 22 de abril de 2021.- La creaci\u00f3n del Padr\u00f3n&hellip;<\/p>\n","protected":false},"author":2,"featured_media":26296,"comment_status":"closed","ping_status":"open","sticky":false,"template":"","format":"standard","meta":{"_lmt_disableupdate":"","_lmt_disable":"","_jetpack_memberships_contains_paid_content":false,"footnotes":""},"categories":[109,46],"tags":[2348,2592],"class_list":["post-26295","post","type-post","status-publish","format-standard","has-post-thumbnail","hentry","category-minuto-a-minuto","category-zona-blanca","tag-elecciones-oaxaca-2021","tag-jose-antonio-hernandez-fraguas"],"jetpack_featured_media_url":"https:\/\/zonaroja.com.mx\/wp-content\/uploads\/2021\/04\/Hernandez-Fraguas.jpg","jetpack_sharing_enabled":true,"_links":{"self":[{"href":"https:\/\/zonaroja.com.mx\/index.php?rest_route=\/wp\/v2\/posts\/26295","targetHints":{"allow":["GET"]}}],"collection":[{"href":"https:\/\/zonaroja.com.mx\/index.php?rest_route=\/wp\/v2\/posts"}],"about":[{"href":"https:\/\/zonaroja.com.mx\/index.php?rest_route=\/wp\/v2\/types\/post"}],"author":[{"embeddable":true,"href":"https:\/\/zonaroja.com.mx\/index.php?rest_route=\/wp\/v2\/users\/2"}],"replies":[{"embeddable":true,"href":"https:\/\/zonaroja.com.mx\/index.php?rest_route=%2Fwp%2Fv2%2Fcomments&post=26295"}],"version-history":[{"count":1,"href":"https:\/\/zonaroja.com.mx\/index.php?rest_route=\/wp\/v2\/posts\/26295\/revisions"}],"predecessor-version":[{"id":26297,"href":"https:\/\/zonaroja.com.mx\/index.php?rest_route=\/wp\/v2\/posts\/26295\/revisions\/26297"}],"wp:featuredmedia":[{"embeddable":true,"href":"https:\/\/zonaroja.com.mx\/index.php?rest_route=\/wp\/v2\/media\/26296"}],"wp:attachment":[{"href":"https:\/\/zonaroja.com.mx\/index.php?rest_route=%2Fwp%2Fv2%2Fmedia&parent=26295"}],"wp:term":[{"taxonomy":"category","embeddable":true,"href":"https:\/\/zonaroja.com.mx\/index.php?rest_route=%2Fwp%2Fv2%2Fcategories&post=26295"},{"taxonomy":"post_tag","embeddable":true,"href":"https:\/\/zonaroja.com.mx\/index.php?rest_route=%2Fwp%2Fv2%2Ftags&post=26295"}],"curies":[{"name":"wp","href":"https:\/\/api.w.org\/{rel}","templated":true}]}}