{"id":26301,"date":"2021-04-22T08:12:30","date_gmt":"2021-04-22T13:12:30","guid":{"rendered":"http:\/\/www.zonaroja.com.mx\/?p=26301"},"modified":"2021-04-22T08:12:34","modified_gmt":"2021-04-22T13:12:34","slug":"registra-ddhpo-284-quejas-y-4-muertos-por-abuso-policial-en-oaxaca","status":"publish","type":"post","link":"https:\/\/zonaroja.com.mx\/?p=26301","title":{"rendered":"Registra DDHPO 284 quejas y 4 muertos por abuso policial en Oaxaca"},"content":{"rendered":"\n<p>Redacci\u00f3n\/Zona Roja.<\/p>\n\n\n\n<p>Oaxaca de Ju\u00e1rez, Oax., 22 de abril de 2021.- La Defensor\u00eda de los Derechos Humanos del Pueblo de Oaxaca (DDHPO), inici\u00f3 una queja bajo la hip\u00f3tesis de uso ilegal de la fuerza p\u00fablica atribuida a polic\u00edas del municipio de Oaxaca de Ju\u00e1rez, en contra de dos personas, hechos ocurridos ayer.<\/p>\n\n\n\n<p>De acuerdo con el organismo durante 2020 y hasta febrero de 2021, inici\u00f3 un total de 284 expedientes relacionados con uso ilegal de la fuerza, atribuidos a polic\u00edas municipales, siendo la capital del estado el municipio con mayor n\u00famero de incidentes.<\/p>\n\n\n\n<p>En ese mismo lapso, el organismo aut\u00f3nomo ha documentado la muerte de cuatro personas mientras se encontraban en centros de detenci\u00f3n municipal, o bien, durante la detenci\u00f3n.<\/p>\n\n\n\n<p>En un comunicado, inform\u00f3 que abri\u00f3 el expediente DDHPO\/0612\/(01)\/OAX\/2021, a partir de la comunicaci\u00f3n establecida con familiares de las v\u00edctimas, quienes de acuerdo a im\u00e1genes video grabadas, fueron agredidas con armas de fuego por personas uniformadas que circulaban en una motocicleta, este martes 20 de abril en inmediaciones del pante\u00f3n general.<\/p>\n\n\n\n<p>Ante ello, la DDHPO solicit\u00f3 informaci\u00f3n al municipio de la ciudad sobre la agresi\u00f3n atribuida a polic\u00edas de su corporaci\u00f3n policial.<\/p>\n\n\n\n<p>Mientras que, a la Secretar\u00eda de Salud le solicit\u00f3 informaci\u00f3n sobre el estado f\u00edsico de la persona que result\u00f3 lesionada y le pidi\u00f3 que le garantice la mejor atenci\u00f3n, seg\u00fan las circunstancias del caso.<\/p>\n\n\n\n<p>La DDHPO pidi\u00f3 a la Fiscal\u00eda General de Justicia del Estado que tenga en cuenta la naturaleza de los hechos, para llevar a cabo una investigaci\u00f3n penal acorde con un caso de relevancia para los derechos humanos.<\/p>\n\n\n\n<p>\u201cPara la Defensor\u00eda de los Derechos Humanos, el uso ileg\u00edtimo de la fuerza constituye una pr\u00e1ctica generalizada que revela una estructura policial en conflicto con los valores policiales propios de un estado democr\u00e1tico, que causa violaciones a los derechos espec\u00edficos a la vida y a la integridad de las personas. \u201cLa Defensor\u00eda de los Derechos Humanos del Pueblo de Oaxaca insiste en el deber del Estado de cumplir con los principios de servir y proteger que animan la actuaci\u00f3n de las corporaciones policiales en las democracias\u201d, expuso.<\/p>\n","protected":false},"excerpt":{"rendered":"<p>Redacci\u00f3n\/Zona Roja. Oaxaca de Ju\u00e1rez, Oax., 22 de abril de 2021.- La Defensor\u00eda de los&hellip;<\/p>\n","protected":false},"author":2,"featured_media":26302,"comment_status":"closed","ping_status":"open","sticky":false,"template":"","format":"standard","meta":{"_lmt_disableupdate":"","_lmt_disable":"","_jetpack_memberships_contains_paid_content":false,"footnotes":""},"categories":[109,47],"tags":[286],"class_list":["post-26301","post","type-post","status-publish","format-standard","has-post-thumbnail","hentry","category-minuto-a-minuto","category-zona-gris","tag-defensoria-de-los-derechos-humanos-del-pueblo-de-oaxaca"],"jetpack_featured_media_url":"https:\/\/zonaroja.com.mx\/wp-content\/uploads\/2021\/04\/Agresion-policial-Oaxaca.jpg","jetpack_sharing_enabled":true,"_links":{"self":[{"href":"https:\/\/zonaroja.com.mx\/index.php?rest_route=\/wp\/v2\/posts\/26301","targetHints":{"allow":["GET"]}}],"collection":[{"href":"https:\/\/zonaroja.com.mx\/index.php?rest_route=\/wp\/v2\/posts"}],"about":[{"href":"https:\/\/zonaroja.com.mx\/index.php?rest_route=\/wp\/v2\/types\/post"}],"author":[{"embeddable":true,"href":"https:\/\/zonaroja.com.mx\/index.php?rest_route=\/wp\/v2\/users\/2"}],"replies":[{"embeddable":true,"href":"https:\/\/zonaroja.com.mx\/index.php?rest_route=%2Fwp%2Fv2%2Fcomments&post=26301"}],"version-history":[{"count":1,"href":"https:\/\/zonaroja.com.mx\/index.php?rest_route=\/wp\/v2\/posts\/26301\/revisions"}],"predecessor-version":[{"id":26303,"href":"https:\/\/zonaroja.com.mx\/index.php?rest_route=\/wp\/v2\/posts\/26301\/revisions\/26303"}],"wp:featuredmedia":[{"embeddable":true,"href":"https:\/\/zonaroja.com.mx\/index.php?rest_route=\/wp\/v2\/media\/26302"}],"wp:attachment":[{"href":"https:\/\/zonaroja.com.mx\/index.php?rest_route=%2Fwp%2Fv2%2Fmedia&parent=26301"}],"wp:term":[{"taxonomy":"category","embeddable":true,"href":"https:\/\/zonaroja.com.mx\/index.php?rest_route=%2Fwp%2Fv2%2Fcategories&post=26301"},{"taxonomy":"post_tag","embeddable":true,"href":"https:\/\/zonaroja.com.mx\/index.php?rest_route=%2Fwp%2Fv2%2Ftags&post=26301"}],"curies":[{"name":"wp","href":"https:\/\/api.w.org\/{rel}","templated":true}]}}