{"id":26304,"date":"2021-04-22T08:23:11","date_gmt":"2021-04-22T13:23:11","guid":{"rendered":"http:\/\/www.zonaroja.com.mx\/?p=26304"},"modified":"2021-04-22T08:23:17","modified_gmt":"2021-04-22T13:23:17","slug":"vacuna-no-es-suficiente-para-el-regreso-a-clases-presenciales-cnte","status":"publish","type":"post","link":"https:\/\/zonaroja.com.mx\/?p=26304","title":{"rendered":"Vacuna no es suficiente para el regreso a clases presenciales: CNTE"},"content":{"rendered":"\n<p>Evlin Arag\u00f3n\/Zona Roja.<\/p>\n\n\n\n<p>Oaxaca de Ju\u00e1rez, Oax., 22 de abril de 2021.- La Coordinadora Nacional de Trabajadores de la Educaci\u00f3n (CNTE) dio a conocer que m\u00e1s all\u00e1 de la vacuna anunciada por el gobierno federal para las y los docentes, hace falta mucho m\u00e1s para que el regreso a las aulas se lleve a cabo de manera segura.&nbsp;<\/p>\n\n\n\n<p>Lo anterior debido a las condiciones de salud que presenta el personal docente, as\u00ed como el deterioro de los centros educativos que no podr\u00edan garantizar la implementaci\u00f3n de las medidas sanitarias para evitar el contagio por Covid-19 en la comunidad estudiantil.&nbsp;<\/p>\n\n\n\n<p>Ello qued\u00f3 corroborado, de acuerdo con la gremial, con los datos de la Encuesta Nacional Sobre el Regreso a Clases Presenciales, misma que tuvo como objetivo identificar los riesgos de los docentes para regresar a clase presenciales, considerando sus condiciones de salud, as\u00ed como las condiciones de las escuelas, despu\u00e9s de un a\u00f1o sin darles mantenimiento debido a la pandemia.<\/p>\n\n\n\n<p>En dicha encuesta participaron 18 mil docentes, de los cuales 48.3 por ciento se encuentra adscrito al nivel de Primaria, 19.4 por ciento a Secundaria, y 13.6 por ciento a Educaci\u00f3n Especial; y los resultados principales refieren que el 66.5 por ciento de las y los encuestados se encuentra a\u00fan en riesgo de contagio por Covid-19.<\/p>\n\n\n\n<p>De manera espec\u00edfica, 32.4 por ciento respondi\u00f3 estar en riesgo por vulnerabilidad por enfermedades previas, 22.1 por ciento por enfermedad, y 12 por edad. As\u00ed mismo el 69.4 por ciento indic\u00f3 que existe probabilidad de contagio durante el traslado hacia la escuela de la comunidad en la que realizan su labor.<\/p>\n\n\n\n<p>La dirigencia de la CNTE refiri\u00f3 que, en resumen, siete de cada 10 trabajadores de la educaci\u00f3n se encuentran en una poblaci\u00f3n de riesgo en el contagio de Covid-19, mismo n\u00famero de personas que ubica riesgo de adquirir el virus en el traslado a sus escuelas, refirieron en la presentaci\u00f3n de la encuesta.&nbsp;<\/p>\n\n\n\n<p>La encuesta tambi\u00e9n pone de manifiesto que s\u00f3lo dos de cada 10 escuelas cuentan con aulas amplias para respetar la sana distancia, cuatro de cada 10 no cuenta con agua potable para realizar el lavado de manos constante y s\u00f3lo la mitad tienen patios techados que pudieran servir como estrategia para tomar clases al aire libre.<\/p>\n\n\n\n<p>\u201cNo de deber\u00edamos someternos a la improvisaci\u00f3n, las aulas deben contar con la ventilaci\u00f3n adecuada y eficaz, ya que la transmisi\u00f3n del virus es a\u00e9rea\u201d, indicaron en una sesi\u00f3n virtual en que se dieron a conocer los resultados.&nbsp;&nbsp;<\/p>\n\n\n\n<p>De ah\u00ed que, independiente de la vacuna a toda la poblaci\u00f3n, el gremio docente requiere una serie de adecuaciones en los centros escolares para concretar el regreso a clases de manera presencial, de lo contrario se estar\u00eda poniendo en riesgo no s\u00f3lo al gremio magisterial sino al alumnado.<\/p>\n\n\n\n<p>As\u00ed mismo que el sem\u00e1foro epidemiol\u00f3gico permanezca en verde, dotaciones mensuales de art\u00edculos de higiene y limpieza para la poblaci\u00f3n educativa, adem\u00e1s de t\u00faneles de sanitizaci\u00f3n; y garantizar el agua potable en cada instituci\u00f3n.<\/p>\n\n\n\n<p>De igual forma contar con personal m\u00e9dico por escuela, rehabilitar y construir ba\u00f1os necesarios, que la cantidad de estudiantes sea acorde con las dimensiones de las aulas y considerar a las y los docentes en situaciones vulnerables.&nbsp;<\/p>\n\n\n\n<p>Finalmente, indicaron que tambi\u00e9n necesitan conectividad y buen funcionamiento del sistema el\u00e9ctrico en los planteles, sanitario en buenas condiciones, planes h\u00edbridos en cuanto a asignaturas y horarios, as\u00ed como computadoras en las escuelas para la atenci\u00f3n h\u00edbrida.<\/p>\n\n\n\n<p>\u201cLos trabajadores de la educaci\u00f3n aglutinado en la CNTE queremos regresar a las aulas con nuestros alumnos pero de manera responsable, por eso exigimos que se cumplan las condiciones necesarias para salvaguardar la integridad y salud de la comunidad educativa\u201d, refirieron.&nbsp;<\/p>\n\n\n\n<p>De acuerdo con los comentarios expuesto durante la presentaci\u00f3n de la encuesta, usuarios de las redes sociales dieron a conocer que en Oaxaca no se lleve a cabo el ejercicio, asegurando que la gremial est\u00e1 m\u00e1s preocupada por el proceso electoral, que por el regreso a clases.\u00a0\u00a0<\/p>\n\n\n\n<p>Aqu\u00ed la transmisi\u00f3n:<\/p>\n\n\n\n<figure class=\"wp-block-embed\"><div class=\"wp-block-embed__wrapper\">\nhttps:\/\/fb.watch\/51ctdBO6Jl\/\n<\/div><\/figure>\n","protected":false},"excerpt":{"rendered":"<p>Evlin Arag\u00f3n\/Zona Roja. Oaxaca de Ju\u00e1rez, Oax., 22 de abril de 2021.- La Coordinadora Nacional&hellip;<\/p>\n","protected":false},"author":2,"featured_media":26305,"comment_status":"closed","ping_status":"open","sticky":false,"template":"","format":"standard","meta":{"_lmt_disableupdate":"","_lmt_disable":"","_jetpack_memberships_contains_paid_content":false,"footnotes":""},"categories":[109,47],"tags":[1283],"class_list":["post-26304","post","type-post","status-publish","format-standard","has-post-thumbnail","hentry","category-minuto-a-minuto","category-zona-gris","tag-coordinadora-nacional-de-trabajadores-de-la-educacion-cnte"],"jetpack_featured_media_url":"https:\/\/zonaroja.com.mx\/wp-content\/uploads\/2021\/04\/Encuesta-CNTE.jpg","jetpack_sharing_enabled":true,"_links":{"self":[{"href":"https:\/\/zonaroja.com.mx\/index.php?rest_route=\/wp\/v2\/posts\/26304","targetHints":{"allow":["GET"]}}],"collection":[{"href":"https:\/\/zonaroja.com.mx\/index.php?rest_route=\/wp\/v2\/posts"}],"about":[{"href":"https:\/\/zonaroja.com.mx\/index.php?rest_route=\/wp\/v2\/types\/post"}],"author":[{"embeddable":true,"href":"https:\/\/zonaroja.com.mx\/index.php?rest_route=\/wp\/v2\/users\/2"}],"replies":[{"embeddable":true,"href":"https:\/\/zonaroja.com.mx\/index.php?rest_route=%2Fwp%2Fv2%2Fcomments&post=26304"}],"version-history":[{"count":1,"href":"https:\/\/zonaroja.com.mx\/index.php?rest_route=\/wp\/v2\/posts\/26304\/revisions"}],"predecessor-version":[{"id":26306,"href":"https:\/\/zonaroja.com.mx\/index.php?rest_route=\/wp\/v2\/posts\/26304\/revisions\/26306"}],"wp:featuredmedia":[{"embeddable":true,"href":"https:\/\/zonaroja.com.mx\/index.php?rest_route=\/wp\/v2\/media\/26305"}],"wp:attachment":[{"href":"https:\/\/zonaroja.com.mx\/index.php?rest_route=%2Fwp%2Fv2%2Fmedia&parent=26304"}],"wp:term":[{"taxonomy":"category","embeddable":true,"href":"https:\/\/zonaroja.com.mx\/index.php?rest_route=%2Fwp%2Fv2%2Fcategories&post=26304"},{"taxonomy":"post_tag","embeddable":true,"href":"https:\/\/zonaroja.com.mx\/index.php?rest_route=%2Fwp%2Fv2%2Ftags&post=26304"}],"curies":[{"name":"wp","href":"https:\/\/api.w.org\/{rel}","templated":true}]}}