{"id":26309,"date":"2021-04-22T08:32:30","date_gmt":"2021-04-22T13:32:30","guid":{"rendered":"http:\/\/www.zonaroja.com.mx\/?p=26309"},"modified":"2021-04-22T08:32:34","modified_gmt":"2021-04-22T13:32:34","slug":"reconocen-a-21-universitarias-en-campana-mujeres-uabjo","status":"publish","type":"post","link":"https:\/\/zonaroja.com.mx\/?p=26309","title":{"rendered":"Reconocen a 21 universitarias en campa\u00f1a \u201cMujeres UABJO\u201d"},"content":{"rendered":"\n<p>Evlin Arag\u00f3n\/Zona Roja.<\/p>\n\n\n\n<p>Oaxaca de Ju\u00e1rez, Oax., 22 de abril de 2021.- Veinti\u00fan estudiantes con excelencia acad\u00e9mica, activistas, artistas, deportistas, docentes e investigadoras que se desenvuelven en la Universidad Aut\u00f3noma \u201cBenito Ju\u00e1rez\u201d de Oaxaca, fueron reconocidas como parte de la primera emisi\u00f3n de la campa\u00f1a \u201cMujeres UABJO\u201d que busca visibilizar la labor de las universitarias.&nbsp;<\/p>\n\n\n\n<p>Se trata de Engy Ivonne Gabriel Maya, Karina P\u00e9rez Hern\u00e1ndez, Jazm\u00edn Guadalupe Gonzales Ruiz, Sandra Beatriz Zavaleta Herrera, Abril del Carmen Ojeda Garc\u00eda, Claudia Santos Luis, Viridiana Concepci\u00f3n Mart\u00ednez M\u00e9ndez, Gisela Fuentes Mascorro, Ana Luz Ramos Soto y Marta Cristina Castillo Soriano.<\/p>\n\n\n\n<p>Lil\u00ed Urbieta Morales, Brenda Mireya Hern\u00e1ndez Policarpo, Andrea Lizbeth Hern\u00e1ndez Zamora, Gloria Guadalupe Lambarria Gopar, Floriselva Ver\u00f3nica Castro Cisneros, Estefan\u00eda Altamirano Silva, Olga Juana Montes Garc\u00eda, Guadalupe Cristal Utrera P\u00e9rez, VirginiaGuadalupe Reyes de la Cruz y Liliana Vargas Garc\u00eda.<\/p>\n\n\n\n<p>As\u00ed mismo, el reconocimiento \u201cpost mortem\u201d de la maestra en gesti\u00f3n de proyectos para el Desarrollo Solidario, Denisse Bibiana Hern\u00e1ndez Quevedo, quien se desempe\u00f1\u00f3 como docente del Centro de Educaci\u00f3n Contin\u00faa Abierta y a Distancia de la UABJO.&nbsp;&nbsp;<\/p>\n\n\n\n<p>As\u00ed lo dio a conocer la titular de la Direcci\u00f3n de Equidad y G\u00e9nero, Niz Yamille G\u00f3mez Hern\u00e1ndez, quien detall\u00f3 que la campa\u00f1a se lanz\u00f3 en el marco del 8 de marzo \u201cD\u00eda Internacional de la Mujer\u201d con la intenci\u00f3n de visibilizar y reconocer el aporte, as\u00ed como los diversos liderazgos de las mujeres, dentro y fuera de la m\u00e1xima casa de estudios.&nbsp;<\/p>\n\n\n\n<p>De acuerdo con la funcionaria, las postulaciones se registraron en los \u00e1mbitos de labor social, activismo, deportes, m\u00e9rito y trayectoria acad\u00e9mica, ciencia y \u00e1mbito empresarial, de las que resultaron electas las mujeres antes mencionadas, quienes presentaron la documentaci\u00f3n que acredita su arduo trabajo.<\/p>\n\n\n\n<p>G\u00f3mez Hern\u00e1ndez felicit\u00f3 a las mujeres que fueron reconocidas por su trayectoria al interior de la comunidad universitaria como parte de la campa\u00f1a \u201cMujeres UABJO\u201d que, insisti\u00f3, busca promover la igualdad al hacer visible la participaci\u00f3n activa de sus estudiantes, docentes y trabajadoras administrativas.<\/p>\n\n\n\n<p>Por su parte, el director de Radio Universidad, Miguel \u00c1ngel V\u00e1squez de la Rosa, dio a conocer que durante los pr\u00f3ximos meses se realizaran diversos materiales impresos y audiovisuales para dar a conocer la trayectoria de cada una de las mujeres que fueron reconocidas, mismos que se difundir\u00e1n durante todo el 2021.&nbsp;<\/p>\n\n\n\n<p>As\u00ed mismo, sostendr\u00e1n un encuentro con el rector de la UABJO, Eduardo Bautista Mart\u00ednez, quien les har\u00e1 entrega de un diploma y un lote de libros, como parte del reconocimiento a su labor.&nbsp;<\/p>\n\n\n\n<p>V\u00e1squez de la Rosa reconoci\u00f3 el poder reivindicativo de la campa\u00f1a que busca romper la inercia de reconocer \u00fanicamente, o en su mayor\u00eda, la labor que realizan los varones universitarios y dar paso a la valoraci\u00f3n en igualdad de condiciones de los logros obtenidos por las mujeres.&nbsp;<\/p>\n\n\n\n<p>\u201cEsta convocatoria tiene ese sentido, dar esta proyecci\u00f3n a los distintos esfuerzos de mujeres que luchan desde distintos espacios para dar un mayor prestigio a nuestra universidad\u201d, refiri\u00f3.&nbsp; La campa\u00f1a \u201cMujeres UABJO\u201d fue lanzada en conjunto por la Direcci\u00f3n de Equidad y G\u00e9nero, Radio Universidad y Comunicaci\u00f3n Social de la UABJO con la intenci\u00f3n de contribuir en la cultura de la inclusi\u00f3n y equidad de g\u00e9nero al interior de la instituci\u00f3n.<\/p>\n","protected":false},"excerpt":{"rendered":"<p>Evlin Arag\u00f3n\/Zona Roja. Oaxaca de Ju\u00e1rez, Oax., 22 de abril de 2021.- Veinti\u00fan estudiantes con&hellip;<\/p>\n","protected":false},"author":2,"featured_media":26310,"comment_status":"closed","ping_status":"open","sticky":false,"template":"","format":"standard","meta":{"_lmt_disableupdate":"","_lmt_disable":"","_jetpack_memberships_contains_paid_content":false,"footnotes":""},"categories":[109,46],"tags":[282],"class_list":["post-26309","post","type-post","status-publish","format-standard","has-post-thumbnail","hentry","category-minuto-a-minuto","category-zona-blanca","tag-universidad-autonoma-benito-juarez-de-oaxaca"],"jetpack_featured_media_url":"https:\/\/zonaroja.com.mx\/wp-content\/uploads\/2021\/04\/UABJO-reconocimientos.jpg","jetpack_sharing_enabled":true,"_links":{"self":[{"href":"https:\/\/zonaroja.com.mx\/index.php?rest_route=\/wp\/v2\/posts\/26309","targetHints":{"allow":["GET"]}}],"collection":[{"href":"https:\/\/zonaroja.com.mx\/index.php?rest_route=\/wp\/v2\/posts"}],"about":[{"href":"https:\/\/zonaroja.com.mx\/index.php?rest_route=\/wp\/v2\/types\/post"}],"author":[{"embeddable":true,"href":"https:\/\/zonaroja.com.mx\/index.php?rest_route=\/wp\/v2\/users\/2"}],"replies":[{"embeddable":true,"href":"https:\/\/zonaroja.com.mx\/index.php?rest_route=%2Fwp%2Fv2%2Fcomments&post=26309"}],"version-history":[{"count":1,"href":"https:\/\/zonaroja.com.mx\/index.php?rest_route=\/wp\/v2\/posts\/26309\/revisions"}],"predecessor-version":[{"id":26311,"href":"https:\/\/zonaroja.com.mx\/index.php?rest_route=\/wp\/v2\/posts\/26309\/revisions\/26311"}],"wp:featuredmedia":[{"embeddable":true,"href":"https:\/\/zonaroja.com.mx\/index.php?rest_route=\/wp\/v2\/media\/26310"}],"wp:attachment":[{"href":"https:\/\/zonaroja.com.mx\/index.php?rest_route=%2Fwp%2Fv2%2Fmedia&parent=26309"}],"wp:term":[{"taxonomy":"category","embeddable":true,"href":"https:\/\/zonaroja.com.mx\/index.php?rest_route=%2Fwp%2Fv2%2Fcategories&post=26309"},{"taxonomy":"post_tag","embeddable":true,"href":"https:\/\/zonaroja.com.mx\/index.php?rest_route=%2Fwp%2Fv2%2Ftags&post=26309"}],"curies":[{"name":"wp","href":"https:\/\/api.w.org\/{rel}","templated":true}]}}