{"id":26315,"date":"2021-04-22T15:21:28","date_gmt":"2021-04-22T20:21:28","guid":{"rendered":"http:\/\/www.zonaroja.com.mx\/?p=26315"},"modified":"2021-04-22T15:21:30","modified_gmt":"2021-04-22T20:21:30","slug":"fiscalia-de-oaxaca-busca-desde-escritorio-a-desaparecido-familia-exige-labor-fisica","status":"publish","type":"post","link":"https:\/\/zonaroja.com.mx\/?p=26315","title":{"rendered":"Fiscal\u00eda de Oaxaca \u201cbusca\u201d desde escritorio a desaparecido; familia exige labor f\u00edsica"},"content":{"rendered":"\n<p>Yuridiana Sosa\/Zona Roja.<\/p>\n\n\n\n<p>Oaxaca de Ju\u00e1rez, Oax., 22 de abril de 2021.- Madre, hermanos y esposa de Pablo Franco Cruz Santiago, desaparecido el pasado 14 de enero en San Pablo, Etla, demandaron al gobierno de Oaxaca implemente una b\u00fasqueda f\u00edsica de su familiar, en las mismas magnitudes que ha ocurrido en el caso de Claudia Uruchurtu Cruz en Asunci\u00f3n Nochixtl\u00e1n.<\/p>\n\n\n\n<p>Desde hace poco m\u00e1s de tres meses, para el padre de familia no se ha implantado b\u00fasqueda f\u00edsica, pues, aunque la Fiscal\u00eda General de Oaxaca ofrece atenci\u00f3n a la familia con seguimiento al caso desde oficinas, excusa que no cuenta con personal para aplicar la b\u00fasqueda, supuestamente por la pandemia, apunt\u00f3 la familia en conferencia de prensa.<\/p>\n\n\n\n<p>Sin embargo, ante la movilizaci\u00f3n de distintas fuerzas policiales, como la Fiscal\u00eda de Oaxaca, la Secretar\u00eda de Seguridad P\u00fablica y la Guardia Nacional para dar con el paradero de Claudia Uruchurtu, la familia demand\u00f3 mismas condiciones para el var\u00f3n de 35 a\u00f1os de edad.<\/p>\n\n\n\n<p>Pablo Franco Cruz desapareci\u00f3 alrededor de las 10:00 horas del pasado 14 de enero mientras se trasladaba de Etla, donde reside, a la capital del estado, a bordo de su camioneta tipo Tacoma, color gris oscuro, modelo 2016. La unidad tampoco ha desaparecido.<\/p>\n\n\n\n<figure class=\"wp-block-embed-twitter wp-block-embed is-type-rich is-provider-twitter\"><div class=\"wp-block-embed__wrapper\">\n<div class=\"twitter-tweet\"><blockquote class=\"twitter-tweet\" data-lang=\"es\"><p lang=\"es\" dir=\"ltr\"><a href=\"https:\/\/twitter.com\/hashtag\/%C3%9AltimoMinuto?src=hash&amp;ref_src=twsrc%5Etfw\">#\u00daltimoMinuto<\/a> <br>De nuevo quejas contra la <a href=\"https:\/\/twitter.com\/FISCALIA_GobOax?ref_src=twsrc%5Etfw\">@FISCALIA_GobOax<\/a> que preside <a href=\"https:\/\/twitter.com\/PeimbertArturo?ref_src=twsrc%5Etfw\">@PeimbertArturo<\/a>, ahora por negligencia para buscar a Pablo Franco Cruz Santiago, seg\u00fan denunciaron hoy sus familiares. <a href=\"https:\/\/t.co\/Gy9e79eoBw\">pic.twitter.com\/Gy9e79eoBw<\/a><\/p>&mdash; Zona Roja Oaxaca (@Zona_Roja_Oax) <a href=\"https:\/\/twitter.com\/Zona_Roja_Oax\/status\/1385288381957955585?ref_src=twsrc%5Etfw\">22 de abril de 2021<\/a><\/blockquote><\/div>\n<\/div><\/figure>\n\n\n\n<p>Cruz Santiago es padre de familia de tres menores de edad, quien de acuerdo a la familia nunca ha recibido ning\u00fan tipo de amenazas.<\/p>\n\n\n\n<p>\u201cExigimos al gobernador, Alejandro Mura; al fiscal Arturo Peimbert, al secretario de Seguridad P\u00fablica, Heliodoro D\u00edaz, y a la Guardia Nacional la inmediata b\u00fasqueda de mi familiar. Como v\u00edctimas indirectas, exigimos un trato equitativo, igualitario como el operativo que implementaron en el caso de la se\u00f1ora Claudia\u201d, manifest\u00f3 la esposa.<\/p>\n\n\n\n<p>La mujer reiter\u00f3 que \u201cno hay b\u00fasqueda f\u00edsica, ni en magnitudes, ni de ninguna otra forma, como en el caso de Claudia\u201d para la localizaci\u00f3n de su esposo, aunque la Fiscal\u00eda de Oaxaca muestra atenci\u00f3n y han indicado que no obtienen ning\u00fan tipo de se\u00f1al del tel\u00e9fono de Pablo.<\/p>\n\n\n\n<p>La madre del desaparecido suplic\u00f3 a la poblaci\u00f3n compartir la ficha de b\u00fasqueda y colaboraci\u00f3n para ofrecer informaci\u00f3n \u00fatil para su localizaci\u00f3n, para lo cual prometen discreci\u00f3n.<\/p>\n","protected":false},"excerpt":{"rendered":"<p>Yuridiana Sosa\/Zona Roja. Oaxaca de Ju\u00e1rez, Oax., 22 de abril de 2021.- Madre, hermanos y&hellip;<\/p>\n","protected":false},"author":2,"featured_media":26316,"comment_status":"closed","ping_status":"open","sticky":false,"template":"","format":"standard","meta":{"_lmt_disableupdate":"","_lmt_disable":"","_jetpack_memberships_contains_paid_content":false,"footnotes":""},"categories":[109,47],"tags":[2623],"class_list":["post-26315","post","type-post","status-publish","format-standard","has-post-thumbnail","hentry","category-minuto-a-minuto","category-zona-gris","tag-pablo-franco-cruz-santiago"],"jetpack_featured_media_url":"https:\/\/zonaroja.com.mx\/wp-content\/uploads\/2021\/04\/Pablo-Franco-Cruz-Santiago.jpg","jetpack_sharing_enabled":true,"_links":{"self":[{"href":"https:\/\/zonaroja.com.mx\/index.php?rest_route=\/wp\/v2\/posts\/26315","targetHints":{"allow":["GET"]}}],"collection":[{"href":"https:\/\/zonaroja.com.mx\/index.php?rest_route=\/wp\/v2\/posts"}],"about":[{"href":"https:\/\/zonaroja.com.mx\/index.php?rest_route=\/wp\/v2\/types\/post"}],"author":[{"embeddable":true,"href":"https:\/\/zonaroja.com.mx\/index.php?rest_route=\/wp\/v2\/users\/2"}],"replies":[{"embeddable":true,"href":"https:\/\/zonaroja.com.mx\/index.php?rest_route=%2Fwp%2Fv2%2Fcomments&post=26315"}],"version-history":[{"count":1,"href":"https:\/\/zonaroja.com.mx\/index.php?rest_route=\/wp\/v2\/posts\/26315\/revisions"}],"predecessor-version":[{"id":26317,"href":"https:\/\/zonaroja.com.mx\/index.php?rest_route=\/wp\/v2\/posts\/26315\/revisions\/26317"}],"wp:featuredmedia":[{"embeddable":true,"href":"https:\/\/zonaroja.com.mx\/index.php?rest_route=\/wp\/v2\/media\/26316"}],"wp:attachment":[{"href":"https:\/\/zonaroja.com.mx\/index.php?rest_route=%2Fwp%2Fv2%2Fmedia&parent=26315"}],"wp:term":[{"taxonomy":"category","embeddable":true,"href":"https:\/\/zonaroja.com.mx\/index.php?rest_route=%2Fwp%2Fv2%2Fcategories&post=26315"},{"taxonomy":"post_tag","embeddable":true,"href":"https:\/\/zonaroja.com.mx\/index.php?rest_route=%2Fwp%2Fv2%2Ftags&post=26315"}],"curies":[{"name":"wp","href":"https:\/\/api.w.org\/{rel}","templated":true}]}}