{"id":2632,"date":"2019-07-30T10:37:15","date_gmt":"2019-07-30T15:37:15","guid":{"rendered":"http:\/\/www.zonaroja.com.mx\/?p=2632"},"modified":"2019-07-30T10:37:18","modified_gmt":"2019-07-30T15:37:18","slug":"gobierno-privilegia-a-empresas-foraneas-diputada-pide-obras-para-oaxaquenos","status":"publish","type":"post","link":"https:\/\/zonaroja.com.mx\/?p=2632","title":{"rendered":"Gobierno privilegia a empresas for\u00e1neas; diputada pide obras para oaxaque\u00f1os"},"content":{"rendered":"\n<p>Redacci\u00f3n<\/p>\n\n\n\n<p>Oaxaca de\nJu\u00e1rez, Oax., 30 de julio de 2019.- El gobierno de Oaxaca privilegia a las\nempresas for\u00e1neas en la obra p\u00fablica que se ejecuta en la entidad, lo cual ha profundizado\nla crisis econ\u00f3mica y social, coincidieron integrantes de la 64 Legislatura\nlocal.<\/p>\n\n\n\n<p>Por ello, a\ntrav\u00e9s de un Punto de Acuerdo aprobado recientemente, exhortaron al Poder\nEjecutivo para que instruya a la Secretar\u00eda de las Infraestructuras y el\nOrdenamiento Territorial&nbsp; Sustentable\n(Sinfra), a Caminos y Aereopistas de Oaxaca (CAO) y a la Comisi\u00f3n Estatal de\nVivienda (Cevi) a privilegiar estas acciones, con el objetivo de otorgarles a\nlas familias de Oaxaca la oportunidad de desarrollo econ\u00f3mico.<\/p>\n\n\n\n<p>Se\u00f1alaron que\nlas empresas constructoras que realicen obra p\u00fablica tendr\u00edan que emplear a\npersonas de Oaxaca, en especial a habitantes de las zonas cercanas en donde se\nrealicen los trabajos.<\/p>\n\n\n\n<p>Adem\u00e1s de\nello, deber\u00edan establecer los mecanismos necesarios para que la compra de\nmaterial utilizado en los trabajos se adquiera en la demarcaci\u00f3n donde se\nconstruye.<\/p>\n\n\n\n<p>Magaly L\u00f3pez\nDom\u00ednguez, autora de dicha propuesta, diputada por el Partido Morena, se\u00f1al\u00f3\nque el estado debe ser prioridad del mandatario estatal Alejandro Murat y dejar\ncon ello la presencia de empresas externas.<\/p>\n\n\n\n<p>\u201cLas\nfamilias de Oaxaca necesitan ser tomadas en cuenta, el gobernador no puede\nanteponer empresas for\u00e1neas. La oportunidad debe ser para las y los oaxaque\u00f1os\u201d,\nmanifest\u00f3 en un comunicado. <\/p>\n\n\n\n<p>Adem\u00e1s de lo\nanterior, en el punto de acuerdo tambi\u00e9n se pide que el Gobierno del Estrado\nsupervise que las empresas constructoras cumplan con sus obligaciones\npatronales a las mujeres u hombres empleados.&nbsp;\n<\/p>\n","protected":false},"excerpt":{"rendered":"<p>Redacci\u00f3n Oaxaca de Ju\u00e1rez, Oax., 30 de julio de 2019.- El gobierno de Oaxaca privilegia&hellip;<\/p>\n","protected":false},"author":2,"featured_media":2633,"comment_status":"closed","ping_status":"open","sticky":false,"template":"","format":"standard","meta":{"_lmt_disableupdate":"","_lmt_disable":"","_jetpack_memberships_contains_paid_content":false,"footnotes":""},"categories":[109,47],"tags":[429],"class_list":["post-2632","post","type-post","status-publish","format-standard","has-post-thumbnail","hentry","category-minuto-a-minuto","category-zona-gris","tag-piden-obra-publica-para-empresas-oaxaquenas"],"jetpack_featured_media_url":"https:\/\/zonaroja.com.mx\/wp-content\/uploads\/2019\/07\/IMG_4503.jpg","jetpack_sharing_enabled":true,"_links":{"self":[{"href":"https:\/\/zonaroja.com.mx\/index.php?rest_route=\/wp\/v2\/posts\/2632","targetHints":{"allow":["GET"]}}],"collection":[{"href":"https:\/\/zonaroja.com.mx\/index.php?rest_route=\/wp\/v2\/posts"}],"about":[{"href":"https:\/\/zonaroja.com.mx\/index.php?rest_route=\/wp\/v2\/types\/post"}],"author":[{"embeddable":true,"href":"https:\/\/zonaroja.com.mx\/index.php?rest_route=\/wp\/v2\/users\/2"}],"replies":[{"embeddable":true,"href":"https:\/\/zonaroja.com.mx\/index.php?rest_route=%2Fwp%2Fv2%2Fcomments&post=2632"}],"version-history":[{"count":1,"href":"https:\/\/zonaroja.com.mx\/index.php?rest_route=\/wp\/v2\/posts\/2632\/revisions"}],"predecessor-version":[{"id":2634,"href":"https:\/\/zonaroja.com.mx\/index.php?rest_route=\/wp\/v2\/posts\/2632\/revisions\/2634"}],"wp:featuredmedia":[{"embeddable":true,"href":"https:\/\/zonaroja.com.mx\/index.php?rest_route=\/wp\/v2\/media\/2633"}],"wp:attachment":[{"href":"https:\/\/zonaroja.com.mx\/index.php?rest_route=%2Fwp%2Fv2%2Fmedia&parent=2632"}],"wp:term":[{"taxonomy":"category","embeddable":true,"href":"https:\/\/zonaroja.com.mx\/index.php?rest_route=%2Fwp%2Fv2%2Fcategories&post=2632"},{"taxonomy":"post_tag","embeddable":true,"href":"https:\/\/zonaroja.com.mx\/index.php?rest_route=%2Fwp%2Fv2%2Ftags&post=2632"}],"curies":[{"name":"wp","href":"https:\/\/api.w.org\/{rel}","templated":true}]}}