{"id":26323,"date":"2021-04-22T19:47:35","date_gmt":"2021-04-23T00:47:35","guid":{"rendered":"http:\/\/www.zonaroja.com.mx\/?p=26323"},"modified":"2021-04-22T19:47:40","modified_gmt":"2021-04-23T00:47:40","slug":"mujeres-y-organizaciones-exigen-proteccion-de-derechos-politicos-para-afromexicana","status":"publish","type":"post","link":"https:\/\/zonaroja.com.mx\/?p=26323","title":{"rendered":"Mujeres y organizaciones exigen protecci\u00f3n de derechos pol\u00edticos para afromexicana"},"content":{"rendered":"\n<p>Yuridiana Sosa\/Zona Roja.<\/p>\n\n\n\n<p>Oaxaca de Ju\u00e1rez, Oax., 22 de abril de 2021.- A pocas horas que concluya el plazo para el registro definitivo de los diputados locales, organizaciones sociales y mujeres demandaron al Tribunal Estatal Electoral de Oaxaca permitir el registro de Rosa Mar\u00eda Castro Salinas, en representaci\u00f3n de los ind\u00edgenas afromexicanos.<\/p>\n\n\n\n<p>Ella es la \u00fanica mujer fue la \u00fanica mujer afromexicana registrada en el Partido Morena para competir en el proceso electoral en busca de la diputaci\u00f3n del distrito XXV de San Pedro Pochutla, pero el partido le neg\u00f3 la candidatura por, supuestamente, no contar con el perfil adecuado para encabezar la postulaci\u00f3n.<\/p>\n\n\n\n<p>Los colectivos de mujeres se han unido para exigir la Protecci\u00f3n a los Derechos Pol\u00edtico Electorales para Rosa Mar\u00eda Castro Salinas, quien desde hace varios a\u00f1os trabaja en materia social en la Asociaci\u00f3n de Mujeres de la Costa de Oaxaca (AMCO) para impulsar el reconocimiento de la comunidad negra, voz que hace falta en el congreso local.<\/p>\n\n\n\n<p>\u201cEs inconcebible que una mujer de origen ind\u00edgena y que ha declarado que le interesa que las mujeres ejerzamos nuestros derechos, a la hora que tiene en sus manos un asunto en que le toca aplicar la perspectiva de g\u00e9nero e interculturalidad para la \u00fanica mujer negra que busca llegar al Congreso de Oaxaca, no sea congruente y proponga solapar las flagrantes violaciones cometidas por un partido pol\u00edtico\u201d, denunciaron las mujeres en apoyo a Castro Salinas.<\/p>\n\n\n\n<p>Las organizaciones de la sociedad civil exhortaron a la magistrada del Tribunal Estatal Electoral de Oaxaca, Elizabeth Bautista, demostrar que los discursos a favor de las mujeres tienen sustento, pues el tema presuntamente se analizar\u00e1 en las pr\u00f3ximas horas.<\/p>\n","protected":false},"excerpt":{"rendered":"<p>Yuridiana Sosa\/Zona Roja. Oaxaca de Ju\u00e1rez, Oax., 22 de abril de 2021.- A pocas horas&hellip;<\/p>\n","protected":false},"author":2,"featured_media":9928,"comment_status":"closed","ping_status":"open","sticky":false,"template":"","format":"standard","meta":{"_lmt_disableupdate":"","_lmt_disable":"","_jetpack_memberships_contains_paid_content":false,"footnotes":""},"categories":[109,47],"tags":[2600],"class_list":["post-26323","post","type-post","status-publish","format-standard","has-post-thumbnail","hentry","category-minuto-a-minuto","category-zona-gris","tag-rosa-maria-castro-salinas"],"jetpack_featured_media_url":"https:\/\/zonaroja.com.mx\/wp-content\/uploads\/2020\/03\/Rosa-Mar\u00eda-Castro.jpg","jetpack_sharing_enabled":true,"_links":{"self":[{"href":"https:\/\/zonaroja.com.mx\/index.php?rest_route=\/wp\/v2\/posts\/26323","targetHints":{"allow":["GET"]}}],"collection":[{"href":"https:\/\/zonaroja.com.mx\/index.php?rest_route=\/wp\/v2\/posts"}],"about":[{"href":"https:\/\/zonaroja.com.mx\/index.php?rest_route=\/wp\/v2\/types\/post"}],"author":[{"embeddable":true,"href":"https:\/\/zonaroja.com.mx\/index.php?rest_route=\/wp\/v2\/users\/2"}],"replies":[{"embeddable":true,"href":"https:\/\/zonaroja.com.mx\/index.php?rest_route=%2Fwp%2Fv2%2Fcomments&post=26323"}],"version-history":[{"count":1,"href":"https:\/\/zonaroja.com.mx\/index.php?rest_route=\/wp\/v2\/posts\/26323\/revisions"}],"predecessor-version":[{"id":26324,"href":"https:\/\/zonaroja.com.mx\/index.php?rest_route=\/wp\/v2\/posts\/26323\/revisions\/26324"}],"wp:featuredmedia":[{"embeddable":true,"href":"https:\/\/zonaroja.com.mx\/index.php?rest_route=\/wp\/v2\/media\/9928"}],"wp:attachment":[{"href":"https:\/\/zonaroja.com.mx\/index.php?rest_route=%2Fwp%2Fv2%2Fmedia&parent=26323"}],"wp:term":[{"taxonomy":"category","embeddable":true,"href":"https:\/\/zonaroja.com.mx\/index.php?rest_route=%2Fwp%2Fv2%2Fcategories&post=26323"},{"taxonomy":"post_tag","embeddable":true,"href":"https:\/\/zonaroja.com.mx\/index.php?rest_route=%2Fwp%2Fv2%2Ftags&post=26323"}],"curies":[{"name":"wp","href":"https:\/\/api.w.org\/{rel}","templated":true}]}}