{"id":26325,"date":"2021-04-22T19:50:43","date_gmt":"2021-04-23T00:50:43","guid":{"rendered":"http:\/\/www.zonaroja.com.mx\/?p=26325"},"modified":"2021-04-22T19:50:53","modified_gmt":"2021-04-23T00:50:53","slug":"logra-oaxaca-minimo-aumento-en-ocupacion-y-empleo-inegi","status":"publish","type":"post","link":"https:\/\/zonaroja.com.mx\/?p=26325","title":{"rendered":"Logra Oaxaca m\u00ednimo aumento en ocupaci\u00f3n y empleo: INEGI"},"content":{"rendered":"\n<p>Evlin Arag\u00f3n\/Zona Roja.<\/p>\n\n\n\n<p>Oaxaca de Ju\u00e1rez, Oax., 22 de abril de 2021.- La entidad oaxaque\u00f1a creci\u00f3 un .4 por ciento en torno a la poblaci\u00f3n econ\u00f3micamente activa, ello de acuerdo con la Encuesta Nacional de Ocupaci\u00f3n y Empleo (ENOE), realizada por el INEGI.<\/p>\n\n\n\n<p>En sus m\u00e1s recientes resultados, pone de manifiesto que el gobierno de Alejandro Murat Hinojosa creci\u00f3 m\u00ednimamente en torno al n\u00famero de personas que cuentan con empleo, pasando de 98.4 por ciento en marzo de 2020 a 98.8 en el mismo mes, pero del 2021.&nbsp;<\/p>\n\n\n\n<p>Aunque no hay datos diferenciados por entidad, a excepci\u00f3n del anterior, la encuesta refiere una disminuci\u00f3n de 1.5 millones de personas empleadas, al pasar de 57.4 a 56 millones, en medio de la pandemia por Covid-19.<\/p>\n\n\n\n<p>En el pa\u00eds, la distribuci\u00f3n seg\u00fan su posici\u00f3n en la ocupaci\u00f3n mostr\u00f3 que los y las trabajadoras subordinadas y remuneradas concentraron 68 por ciento del total de la poblaci\u00f3n ocupada y quienes trabajan por cuenta propia representaron 22.9 por ciento para marzo de este a\u00f1o.<\/p>\n\n\n\n<p>La mayor\u00eda adscritos al sector terciario que incluye comercios, restaurantes y servicios de alojamiento, transportes, comunicaciones, servicios profesionales, financieros, servicios sociales, servicios diversos, gobierno y organismos internacionales.<\/p>\n\n\n\n<p>\u201cLa poblaci\u00f3n ocupada en el sector secundario registr\u00f3 un descenso de 315 mil personas respecto al tercer mes de 2020 y en el sector terciario present\u00f3 una reducci\u00f3n de 2.4 millones de personas\u201d, refiere el documento.<\/p>\n\n\n\n<p>En el caso de la poblaci\u00f3n ocupada informal, la cifra en marzo del 2021 fue de 30.6 millones, 492 mil personas menos que en igual mes del a\u00f1o pasado. Dicho comportamiento se debi\u00f3 principalmente a la disminuci\u00f3n de ocupados fuera del sector informal de 879 mil y el incremento de ocupados en el sector informal de 386 mil en el mismo periodo.<\/p>\n\n\n\n<p>Respecto de los hombres, con una ocupaci\u00f3n informal de 19 millones de personas se observa un aumento de 467 mil personas entre marzo de 2020 y marzo de 2021. En las mujeres, la ocupaci\u00f3n informal fue de 11.6 millones, cifra que represent\u00f3 una reducci\u00f3n de 959 mil personas en el mismo periodo.<\/p>\n\n\n\n<p>Por su parte la poblaci\u00f3n que se encontraba sin trabajar y que estuvo buscando trabajo, fue de 3.9 por ciento, porcentaje que en el mismo mes del a\u00f1o anterior fue de 2.9 por ciento. De ah\u00ed que poblaci\u00f3n desocupada fue de 2.2 millones de personas, 493 mil personas m\u00e1s que en marzo de 2020.<\/p>\n\n\n\n<p>\u201cLa tasa de desocupaci\u00f3n fue de 3.9%, un punto porcentual m\u00e1s que en marzo del a\u00f1o pasado\u201d, refiere la encuesta.&nbsp;<\/p>\n","protected":false},"excerpt":{"rendered":"<p>Evlin Arag\u00f3n\/Zona Roja. Oaxaca de Ju\u00e1rez, Oax., 22 de abril de 2021.- La entidad oaxaque\u00f1a&hellip;<\/p>\n","protected":false},"author":2,"featured_media":22685,"comment_status":"closed","ping_status":"open","sticky":false,"template":"","format":"standard","meta":{"_lmt_disableupdate":"","_lmt_disable":"","_jetpack_memberships_contains_paid_content":false,"footnotes":""},"categories":[109,46],"tags":[],"class_list":["post-26325","post","type-post","status-publish","format-standard","has-post-thumbnail","hentry","category-minuto-a-minuto","category-zona-blanca"],"jetpack_featured_media_url":"https:\/\/zonaroja.com.mx\/wp-content\/uploads\/2021\/01\/Empleos.jpg","jetpack_sharing_enabled":true,"_links":{"self":[{"href":"https:\/\/zonaroja.com.mx\/index.php?rest_route=\/wp\/v2\/posts\/26325","targetHints":{"allow":["GET"]}}],"collection":[{"href":"https:\/\/zonaroja.com.mx\/index.php?rest_route=\/wp\/v2\/posts"}],"about":[{"href":"https:\/\/zonaroja.com.mx\/index.php?rest_route=\/wp\/v2\/types\/post"}],"author":[{"embeddable":true,"href":"https:\/\/zonaroja.com.mx\/index.php?rest_route=\/wp\/v2\/users\/2"}],"replies":[{"embeddable":true,"href":"https:\/\/zonaroja.com.mx\/index.php?rest_route=%2Fwp%2Fv2%2Fcomments&post=26325"}],"version-history":[{"count":1,"href":"https:\/\/zonaroja.com.mx\/index.php?rest_route=\/wp\/v2\/posts\/26325\/revisions"}],"predecessor-version":[{"id":26326,"href":"https:\/\/zonaroja.com.mx\/index.php?rest_route=\/wp\/v2\/posts\/26325\/revisions\/26326"}],"wp:featuredmedia":[{"embeddable":true,"href":"https:\/\/zonaroja.com.mx\/index.php?rest_route=\/wp\/v2\/media\/22685"}],"wp:attachment":[{"href":"https:\/\/zonaroja.com.mx\/index.php?rest_route=%2Fwp%2Fv2%2Fmedia&parent=26325"}],"wp:term":[{"taxonomy":"category","embeddable":true,"href":"https:\/\/zonaroja.com.mx\/index.php?rest_route=%2Fwp%2Fv2%2Fcategories&post=26325"},{"taxonomy":"post_tag","embeddable":true,"href":"https:\/\/zonaroja.com.mx\/index.php?rest_route=%2Fwp%2Fv2%2Ftags&post=26325"}],"curies":[{"name":"wp","href":"https:\/\/api.w.org\/{rel}","templated":true}]}}