{"id":26333,"date":"2021-04-23T08:03:49","date_gmt":"2021-04-23T13:03:49","guid":{"rendered":"http:\/\/www.zonaroja.com.mx\/?p=26333"},"modified":"2021-04-23T08:03:54","modified_gmt":"2021-04-23T13:03:54","slug":"ejecutan-y-calcinan-a-un-joven-en-comunidad-de-oaxaca","status":"publish","type":"post","link":"https:\/\/zonaroja.com.mx\/?p=26333","title":{"rendered":"Ejecutan y calcinan a un joven en comunidad de Oaxaca"},"content":{"rendered":"\n<p>Ismael Garc\u00eda M.\/Zona Roja.<\/p>\n\n\n\n<p>Oaxaca de Ju\u00e1rez, Oax., 23 de abril de 2021.- Un joven fue ejecutado y su cuerpo calcinado, en una comunidad de la regi\u00f3n Valles Centrales del estado de Oaxaca.<\/p>\n\n\n\n<p>Los restos fueron hallados la noche del mi\u00e9rcoles en inmediaciones de la agencia La Chicuvica, del municipio de San Antonino Castillo Velasco,  distrito de Ocotl\u00e1n y retirados ayer.<\/p>\n\n\n\n<p>Fue en un terreno de cultivo donde se hall\u00f3 el cuerpo, de aproximadamente 25 a\u00f1os de edad, con disparos de arma de fuego y calcinado casi en su totalidad. La madrugada de ayer fue trasladado al Instituto de Servicios Periciales de la Fiscal\u00eda General del Estado de Oaxaca, para la necropsia de ley y a\u00fan permanece como no identificado.<\/p>\n\n\n\n<p>ASALTAN BANCO<\/p>\n\n\n\n<p>Por otra parte, ayer por la ma\u00f1ana en Santo Domingo Tehuantepec, al menos dos sujetos asaltaron un banco de la sucursal Banorte, en la avenida Ju\u00e1rez&nbsp; del barrio Labor\u00edo, cerca del Palacio Municipal.<\/p>\n\n\n\n<p>Presuntamente el monto del robo fue de 10 mil pesos y los ladrones huyeron, sin que hubiera polic\u00edas municipales en la zona para detenerlos.<\/p>\n\n\n\n<p>QUEMAN CASA<\/p>\n\n\n\n<p>Por otra parte, una palapa fue quemada en la Villa de San Blas Atempa, municipio conurbado a Tehuantepec, en la regi\u00f3n del Istmo.<\/p>\n\n\n\n<p>A\u00fan se desconocen las causas del siniestro y no se reportan v\u00edctimas; el s\u00edndico municipal, Antonio Bielma acudi\u00f3 al lugar y notific\u00f3 de los hechos a la Fiscal\u00eda General del Estado.<\/p>\n","protected":false},"excerpt":{"rendered":"<p>Ismael Garc\u00eda M.\/Zona Roja. Oaxaca de Ju\u00e1rez, Oax., 23 de abril de 2021.- Un joven&hellip;<\/p>\n","protected":false},"author":2,"featured_media":7486,"comment_status":"closed","ping_status":"open","sticky":false,"template":"","format":"standard","meta":{"_lmt_disableupdate":"","_lmt_disable":"","_jetpack_memberships_contains_paid_content":false,"footnotes":""},"categories":[109,51],"tags":[200],"class_list":["post-26333","post","type-post","status-publish","format-standard","has-post-thumbnail","hentry","category-minuto-a-minuto","category-zona-roja","tag-san-antonino-castillo-velasco"],"jetpack_featured_media_url":"https:\/\/zonaroja.com.mx\/wp-content\/uploads\/2020\/01\/Escena-del-crimen7.jpg","jetpack_sharing_enabled":true,"_links":{"self":[{"href":"https:\/\/zonaroja.com.mx\/index.php?rest_route=\/wp\/v2\/posts\/26333","targetHints":{"allow":["GET"]}}],"collection":[{"href":"https:\/\/zonaroja.com.mx\/index.php?rest_route=\/wp\/v2\/posts"}],"about":[{"href":"https:\/\/zonaroja.com.mx\/index.php?rest_route=\/wp\/v2\/types\/post"}],"author":[{"embeddable":true,"href":"https:\/\/zonaroja.com.mx\/index.php?rest_route=\/wp\/v2\/users\/2"}],"replies":[{"embeddable":true,"href":"https:\/\/zonaroja.com.mx\/index.php?rest_route=%2Fwp%2Fv2%2Fcomments&post=26333"}],"version-history":[{"count":1,"href":"https:\/\/zonaroja.com.mx\/index.php?rest_route=\/wp\/v2\/posts\/26333\/revisions"}],"predecessor-version":[{"id":26334,"href":"https:\/\/zonaroja.com.mx\/index.php?rest_route=\/wp\/v2\/posts\/26333\/revisions\/26334"}],"wp:featuredmedia":[{"embeddable":true,"href":"https:\/\/zonaroja.com.mx\/index.php?rest_route=\/wp\/v2\/media\/7486"}],"wp:attachment":[{"href":"https:\/\/zonaroja.com.mx\/index.php?rest_route=%2Fwp%2Fv2%2Fmedia&parent=26333"}],"wp:term":[{"taxonomy":"category","embeddable":true,"href":"https:\/\/zonaroja.com.mx\/index.php?rest_route=%2Fwp%2Fv2%2Fcategories&post=26333"},{"taxonomy":"post_tag","embeddable":true,"href":"https:\/\/zonaroja.com.mx\/index.php?rest_route=%2Fwp%2Fv2%2Ftags&post=26333"}],"curies":[{"name":"wp","href":"https:\/\/api.w.org\/{rel}","templated":true}]}}