{"id":26338,"date":"2021-04-23T08:15:01","date_gmt":"2021-04-23T13:15:01","guid":{"rendered":"http:\/\/www.zonaroja.com.mx\/?p=26338"},"modified":"2021-04-23T08:15:07","modified_gmt":"2021-04-23T13:15:07","slug":"denuncian-a-edil-de-zimatlan-por-desatender-tiradero-a-cielo-abierto-2","status":"publish","type":"post","link":"https:\/\/zonaroja.com.mx\/?p=26338","title":{"rendered":"Denuncian a edil de Zimatl\u00e1n por desatender tiradero a cielo abierto"},"content":{"rendered":"\n<p>Redacci\u00f3n\/Zona Roja.<\/p>\n\n\n\n<p>Oaxaca de Ju\u00e1rez, Oax., 23 de abril de 2021.- \u201cEste es mi terreno, pero es parte del basurero ya\u2026 Es una verdadera pena que nuestro presidente no haga algo\u201d.<\/p>\n\n\n\n<p>Es el testimonio de Rufina Velasco, que se ha visto afectada por el tiradero a cielo abierto que mantienen autoridades del municipio de Zimatl\u00e1n de \u00c1lvarez, encabezadas por el edil Javier Barroso S\u00e1nchez, emanado del Partido Acci\u00f3n Nacional.<\/p>\n\n\n\n<p>Para la mujer, que se dedica al campo, el dep\u00f3sito de residuos al aire libre afecta su actividad diaria, debido a que en \u00e9poca de siembra y cosecha han podido detectar que la tierra ya est\u00e1 contaminada, prueba de ellos es que padece de afectaciones en la piel cuando entra en contacto directo con ella.<\/p>\n\n\n\n<p>\u201cYo si le dije al presidente que por favor haga algo, no \u00fanicamente nos afecta a nosotros sino a todo al medio ambiente, porque esto es un cochinero\u201d, refiere la mujer.<\/p>\n\n\n\n<p>El terreno de Rufina cuenta con longitud de una hect\u00e1rea, el cual casi en su totalidad presenta afectaciones, toda vez que muchos de los residuos s\u00f3lidos son arrastrados por el aire hasta su propiedad, poniendo en riesgo su salud y la de su familia.<\/p>\n\n\n\n<p>El\u00edas S\u00e1nchez, otro de los afectados, refiere que a\u00fan viene lo peor con la temporada de lluvias en la que la mitad de su terreno se llena de pl\u00e1stico, esto ante la falta de atenci\u00f3n por parte de las autoridades municipales.<\/p>\n\n\n\n<p>\u201cLo que pide la poblaci\u00f3n de estas tres comunidades: El Rosario, La Guadalupe, El Carmen, es que quiten el basurero\u201d, refieren otros afectados en conjunto, a trav\u00e9s de un video difundido en redes sociales.<\/p>\n\n\n\n<p>Mar\u00eda Elena Morales asegura que, aunque se ha hecho de conocimiento a las autoridades sobre la situaci\u00f3n, la poblaci\u00f3n ha sido ignorada por parte del edil Javier Barroso, quien literalmente ha dicho que no es su responsabilidad atender la problem\u00e1tica.<\/p>\n\n\n\n<p>\u201cLe pedimos al presidente municipal que nos tome en cuenta como ciudadanos, nosotros vivimos del campo y no puede ser que nuestros terrenos est\u00e9n llenos de basura y se ponga en riesgo nuestra salud\u201d, expresa Salom\u00f3n Reyes.<\/p>\n\n\n\n<p>Al menos una decena de afectados hicieron su denuncia p\u00fablica mediante un video que difundieron en las redes sociales.<\/p>\n\n\n\n<p>A la par que manifestaron sentirse cansados y fastidiados de que en a\u00f1os electorales varios personajes de la pol\u00edtica se han comprometido a atender el tema del basurero, sin embargo, ninguno ha cumplido con su palabra, pese a que se trata de un problema de salud p\u00fablica y medio ambiente que se agrava conforme pasa el tiempo.<\/p>\n\n\n\n<p>El tiradero a cielo abierto se encuentra en una zona habitada, a la que adem\u00e1s acude la poblaci\u00f3n a realizar actividad f\u00edsica, situaci\u00f3n que complica m\u00e1s debido a las condiciones en las que se encuentra actualmente.<\/p>\n","protected":false},"excerpt":{"rendered":"<p>Redacci\u00f3n\/Zona Roja. Oaxaca de Ju\u00e1rez, Oax., 23 de abril de 2021.- \u201cEste es mi terreno,&hellip;<\/p>\n","protected":false},"author":2,"featured_media":23968,"comment_status":"closed","ping_status":"open","sticky":false,"template":"","format":"standard","meta":{"_lmt_disableupdate":"","_lmt_disable":"","_jetpack_memberships_contains_paid_content":false,"footnotes":""},"categories":[109,47],"tags":[802],"class_list":["post-26338","post","type-post","status-publish","format-standard","has-post-thumbnail","hentry","category-minuto-a-minuto","category-zona-gris","tag-zimatlan-de-alvarez"],"jetpack_featured_media_url":"https:\/\/zonaroja.com.mx\/wp-content\/uploads\/2021\/02\/Tiradero-Zimatlan.jpg","jetpack_sharing_enabled":true,"_links":{"self":[{"href":"https:\/\/zonaroja.com.mx\/index.php?rest_route=\/wp\/v2\/posts\/26338","targetHints":{"allow":["GET"]}}],"collection":[{"href":"https:\/\/zonaroja.com.mx\/index.php?rest_route=\/wp\/v2\/posts"}],"about":[{"href":"https:\/\/zonaroja.com.mx\/index.php?rest_route=\/wp\/v2\/types\/post"}],"author":[{"embeddable":true,"href":"https:\/\/zonaroja.com.mx\/index.php?rest_route=\/wp\/v2\/users\/2"}],"replies":[{"embeddable":true,"href":"https:\/\/zonaroja.com.mx\/index.php?rest_route=%2Fwp%2Fv2%2Fcomments&post=26338"}],"version-history":[{"count":1,"href":"https:\/\/zonaroja.com.mx\/index.php?rest_route=\/wp\/v2\/posts\/26338\/revisions"}],"predecessor-version":[{"id":26339,"href":"https:\/\/zonaroja.com.mx\/index.php?rest_route=\/wp\/v2\/posts\/26338\/revisions\/26339"}],"wp:featuredmedia":[{"embeddable":true,"href":"https:\/\/zonaroja.com.mx\/index.php?rest_route=\/wp\/v2\/media\/23968"}],"wp:attachment":[{"href":"https:\/\/zonaroja.com.mx\/index.php?rest_route=%2Fwp%2Fv2%2Fmedia&parent=26338"}],"wp:term":[{"taxonomy":"category","embeddable":true,"href":"https:\/\/zonaroja.com.mx\/index.php?rest_route=%2Fwp%2Fv2%2Fcategories&post=26338"},{"taxonomy":"post_tag","embeddable":true,"href":"https:\/\/zonaroja.com.mx\/index.php?rest_route=%2Fwp%2Fv2%2Ftags&post=26338"}],"curies":[{"name":"wp","href":"https:\/\/api.w.org\/{rel}","templated":true}]}}