{"id":26340,"date":"2021-04-23T08:22:43","date_gmt":"2021-04-23T13:22:43","guid":{"rendered":"http:\/\/www.zonaroja.com.mx\/?p=26340"},"modified":"2021-04-23T17:21:58","modified_gmt":"2021-04-23T22:21:58","slug":"juez-federal-aplico-multa-a-sso-por-omision-en-recontratacion-de-ex-trabajadores","status":"publish","type":"post","link":"https:\/\/zonaroja.com.mx\/?p=26340","title":{"rendered":"Juez federal aplic\u00f3 multa a SSO por omisi\u00f3n en recontrataci\u00f3n de ex trabajadores"},"content":{"rendered":"\n<p>Yuridiana Sosa\/Zona Roja.<\/p>\n\n\n\n<p>Oaxaca de Ju\u00e1rez, Oax., 23 de abril de 2021.- Los Servicios de Salud de Oaxaca, que encabeza Juan Carlos M\u00e1rquez Heine, recibi\u00f3 en al menos cuatro ocasiones orden de un Juez federal para la recontrataci\u00f3n de ex trabajadores del Seguro Popular, as\u00ed como una multa de 100 UMAS.<\/p>\n\n\n\n<p>As\u00ed lo dio a conocer la diputada de Morena, Magaly L\u00f3pez Dom\u00ednguez, integrante de las comisiones de Administraci\u00f3n y Procuraci\u00f3n de Justicia, y Derechos Humanos, quien ha dado seguimiento al caso por medio de exhortos para que las autoridades estatales acaten el mandato federal a ra\u00edz de las reformas a la Ley General de Salud.<\/p>\n\n\n\n<p>En medio de una lucha legal, ex trabajadores del Seguro Popular ganaron un amparo que ordena al Gobierno del Estado, por medio de los Servicios de Salud de Oaxaca, a contratarlos. El recurso fue a favor de 110 personas representadas por el Sindicato Independiente de los Trabajadores del Sector Salud, Similares y Conexos.<\/p>\n\n\n\n<p>El 20 de enero, la sentencia caus\u00f3 ejecutoria, requiriendo por primera vez a las autoridades estatales que cumplieran voluntariamente con la contrataci\u00f3n. Ante la omisi\u00f3n, el 11 de febrero el Juez Federal nuevamente pide el cumplimiento, pero advierte de una multa si no acata y de enviar el expediente al Tribunal Colegiado.<\/p>\n\n\n\n<figure class=\"wp-block-embed-twitter wp-block-embed is-type-rich is-provider-twitter\"><div class=\"wp-block-embed__wrapper\">\n<div class=\"twitter-tweet\"><blockquote class=\"twitter-tweet\" data-lang=\"es\"><p lang=\"es\" dir=\"ltr\">En la reciente sesi\u00f3n del <a href=\"https:\/\/twitter.com\/CongresoOaxLXIV?ref_src=twsrc%5Etfw\">@CongresoOaxLXIV<\/a>, la diputada <a href=\"https:\/\/twitter.com\/Magaly_LopezOax?ref_src=twsrc%5Etfw\">@Magaly_LopezOax<\/a> revel\u00f3 que el titular de los <a href=\"https:\/\/twitter.com\/SSO_GobOax?ref_src=twsrc%5Etfw\">@SSO_GobOax<\/a>, <a href=\"https:\/\/twitter.com\/JC_MarquezH?ref_src=twsrc%5Etfw\">@JC_MarquezH<\/a>, fue sancionado por la autoridad federal, al no cumplir con la sentencia de un amparo promovido por ex trabajadores del extinto Seguro Popular. <a href=\"https:\/\/t.co\/8JbJiTAH7u\">pic.twitter.com\/8JbJiTAH7u<\/a><\/p>&mdash; Zona Roja Oaxaca (@Zona_Roja_Oax) <a href=\"https:\/\/twitter.com\/Zona_Roja_Oax\/status\/1385720055321800705?ref_src=twsrc%5Etfw\">23 de abril de 2021<\/a><\/blockquote><\/div>\n<\/div><\/figure>\n\n\n\n<p>Pero los SSO incurren en el desacato y el 5 de marzo se requiri\u00f3 por tercera ocasi\u00f3n la aplicaci\u00f3n de la sentencia; el 22 de marzo el juzgado requiri\u00f3 de una multa de 100 UMA- Unidades de Medida y Actualizaci\u00f3n (UMA), que al valor de este a\u00f1o es un monto total de ocho mil 962 pesos.<\/p>\n\n\n\n<p>Por cuarta ocasi\u00f3n la autoridad judicial es tolerante con el gobierno estatal y el 26 de marzo aplic\u00f3 una pr\u00f3rroga de 10 d\u00edas para que los SSO cumplieran de forma extraoficial con la ejecutoria de amparo, el cual venci\u00f3 el 16 de abril y aun no hay cumplimiento.<\/p>\n\n\n\n<p>La resoluci\u00f3n del juez federal orden\u00f3 al gobernador, al director general de los Servicios de Salud de Oaxaca (SSO), al subdirector general de Administraci\u00f3n y Finanzas, y al director de Administraci\u00f3n de los SSO, dieran respuesta de manera concreta a la solicitud de 110 trabajadores y trabajadoras del extinto Seguro Popular, respecto a su incorporaci\u00f3n inmediata al sistema de salud, como gestores de participaci\u00f3n social.<\/p>\n","protected":false},"excerpt":{"rendered":"<p>Yuridiana Sosa\/Zona Roja. Oaxaca de Ju\u00e1rez, Oax., 23 de abril de 2021.- Los Servicios de&hellip;<\/p>\n","protected":false},"author":2,"featured_media":26341,"comment_status":"closed","ping_status":"open","sticky":false,"template":"","format":"standard","meta":{"_lmt_disableupdate":"","_lmt_disable":"","_jetpack_memberships_contains_paid_content":false,"footnotes":""},"categories":[109,46],"tags":[192],"class_list":["post-26340","post","type-post","status-publish","format-standard","has-post-thumbnail","hentry","category-minuto-a-minuto","category-zona-blanca","tag-diputada-magaly-lopez-dominguez"],"jetpack_featured_media_url":"https:\/\/zonaroja.com.mx\/wp-content\/uploads\/2021\/04\/Magaly-Lopez-1.jpg","jetpack_sharing_enabled":true,"_links":{"self":[{"href":"https:\/\/zonaroja.com.mx\/index.php?rest_route=\/wp\/v2\/posts\/26340","targetHints":{"allow":["GET"]}}],"collection":[{"href":"https:\/\/zonaroja.com.mx\/index.php?rest_route=\/wp\/v2\/posts"}],"about":[{"href":"https:\/\/zonaroja.com.mx\/index.php?rest_route=\/wp\/v2\/types\/post"}],"author":[{"embeddable":true,"href":"https:\/\/zonaroja.com.mx\/index.php?rest_route=\/wp\/v2\/users\/2"}],"replies":[{"embeddable":true,"href":"https:\/\/zonaroja.com.mx\/index.php?rest_route=%2Fwp%2Fv2%2Fcomments&post=26340"}],"version-history":[{"count":2,"href":"https:\/\/zonaroja.com.mx\/index.php?rest_route=\/wp\/v2\/posts\/26340\/revisions"}],"predecessor-version":[{"id":26357,"href":"https:\/\/zonaroja.com.mx\/index.php?rest_route=\/wp\/v2\/posts\/26340\/revisions\/26357"}],"wp:featuredmedia":[{"embeddable":true,"href":"https:\/\/zonaroja.com.mx\/index.php?rest_route=\/wp\/v2\/media\/26341"}],"wp:attachment":[{"href":"https:\/\/zonaroja.com.mx\/index.php?rest_route=%2Fwp%2Fv2%2Fmedia&parent=26340"}],"wp:term":[{"taxonomy":"category","embeddable":true,"href":"https:\/\/zonaroja.com.mx\/index.php?rest_route=%2Fwp%2Fv2%2Fcategories&post=26340"},{"taxonomy":"post_tag","embeddable":true,"href":"https:\/\/zonaroja.com.mx\/index.php?rest_route=%2Fwp%2Fv2%2Ftags&post=26340"}],"curies":[{"name":"wp","href":"https:\/\/api.w.org\/{rel}","templated":true}]}}