{"id":26343,"date":"2021-04-23T10:40:30","date_gmt":"2021-04-23T15:40:30","guid":{"rendered":"https:\/\/www.zonaroja.com.mx\/?p=26343"},"modified":"2021-04-23T10:40:40","modified_gmt":"2021-04-23T15:40:40","slug":"morena-debe-explicar-forma-de-asignar-candidaturas-a-poblacion-afromexicana-teeo","status":"publish","type":"post","link":"https:\/\/zonaroja.com.mx\/?p=26343","title":{"rendered":"Morena debe explicar forma de asignar candidaturas a poblaci\u00f3n afromexicana: TEEO"},"content":{"rendered":"\n<p class=\"MsoNormal\">Evlin Arag\u00f3n\/Zona Roja. <\/p>\n\n\n\n<p class=\"MsoNormal\">Oaxaca de Ju\u00e1rez, Oax., 23 de abril de 2021.- El Tribunal Electoral del Estado de Oaxaca (TEEO) orden\u00f3 a la Comisi\u00f3n Nacional de Elecciones del Partido Movimiento de Regeneraci\u00f3n Nacional (Morena)  que, en un plazo no mayor a 24 horas, informe a la ciudadana Rosa Mar\u00eda Castro Salinas, los criterios tomados en cuenta para definir la candidatura del distrito XXV con cabecera en San Pedro Pochutla, a la que \u00e9sta aspiraba como la \u00fanica integrante de la comunidad afromexicana y fue rechazada. <\/p>\n\n\n\n<p class=\"MsoNormal\">De ah\u00ed que, por unanimidad, la magistrada y los magistrados dieron un plazo de 24 horas, a partir de la notificaci\u00f3n de la sentencia del juicio JDC\/106\/2021, para que haga del conocimiento de la actora respecto a sus razones para no declarar procedente su registro.  <\/p>\n\n\n\n<p class=\"MsoNormal\">Adem\u00e1s, le proporcione los datos e informaci\u00f3n sobre la metodolog\u00eda de las encuestas realizadas, as\u00ed como de los candidatos que fueron electos.&nbsp;&nbsp;<\/p>\n\n\n\n<p class=\"MsoNormal\">El pleno advirti\u00f3 a los integrantes de la Comisi\u00f3n Nacional de Elecciones de Morena que, en caso de no dar cumplimiento \u00edntegro a todo lo que se le orden\u00f3 mediante la sentencia, el partido se har\u00e1 acreedor a una amonestaci\u00f3n.&nbsp;<\/p>\n\n\n\n<p class=\"MsoNormal\">De acuerdo con lo expuesto por el TEEO, la misma resoluci\u00f3n pide que el partido remita al Instituto Estatal Electoral y de Participaci\u00f3n Ciudadana de Oaxaca (IEEPCO) todas las constancias y expedientes completos del proceso de selecci\u00f3n interna de candidatos a diputados por el principio de representaci\u00f3n proporcional, para cumplir con las acciones afirmativas emitidas en favor de la comunidad afromexicana de Oaxaca.&nbsp;&nbsp;<\/p>\n\n\n\n<p class=\"MsoNormal\">\u201cEste \u00f3rgano jurisdicci\u00f3n vincul\u00f3 al IEEPCO para que verifique que Morena cumpla con las disposiciones legales relacionadas con la implantaci\u00f3n de accione afirmativas\u201d, refiere la sentencia.&nbsp;&nbsp;&nbsp;<\/p>\n\n\n\n<p class=\"MsoNormal\">Horas antes de la resoluci\u00f3n, Mujeres Organizadas de la Sociedad Civil pidieron a la magistrada Elizabeth Bautista garantizar los derechos pol\u00edticos de Rosa Mar\u00eda Castro como ciudadana afromexicana.&nbsp;&nbsp;<\/p>\n\n\n\n<p class=\"MsoNormal\">\u201cSeguimos llam\u00e1ndola a la reflexi\u00f3n en cuanto a la protecci\u00f3n elemental de Derechos Humanos en su vertiente de Derechos Pol\u00edtico Electorales de la Ciudadana afromexicana Rosa Mar\u00eda Castro Salinas, en la acci\u00f3n afirmativa para los Pueblos y Comunidades Ind\u00edgenas y Afromexicanas\u201d, refirieron.&nbsp;&nbsp;<\/p>\n\n\n\n<p class=\"MsoNormal\">Adem\u00e1s, indicaron que expusieron en tiempo y forma los fundamentos y la dimensi\u00f3n del asunto que tiene en su ponencia, de ah\u00ed que no ve\u00edan ninguna raz\u00f3n para negar la protecci\u00f3n de derecho de la demandante.&nbsp;&nbsp;<\/p>\n\n\n\n<p class=\"MsoNormal\">Por su parte Rosa Mar\u00eda Castro ha referido ser&nbsp;la \u00fanica mujer afromexicana registrada y que adem\u00e1s cumpli\u00f3 con todos los requisitos solicitados por el partido con el que, hasta hace unos meses, compart\u00eda ideolog\u00eda y causa.&nbsp;<\/p>\n\n\n\n<p class=\"MsoNormal\">As\u00ed mismo, denunci\u00f3 que la dirigencia de Morena, encabezada por Sesul Bola\u00f1os, paso por alto los lineamientos en materia de paridad de g\u00e9nero que deber\u00edan observar los partidos pol\u00edticos por ley, de ah\u00ed que promovi\u00f3 recursos de impugnaci\u00f3n.   <\/p>\n","protected":false},"excerpt":{"rendered":"<p>Evlin Arag\u00f3n\/Zona Roja. Oaxaca de Ju\u00e1rez, Oax., 23 de abril de 2021.- El Tribunal Electoral&hellip;<\/p>\n","protected":false},"author":2,"featured_media":14485,"comment_status":"closed","ping_status":"open","sticky":false,"template":"","format":"standard","meta":{"_lmt_disableupdate":"","_lmt_disable":"","_jetpack_memberships_contains_paid_content":false,"footnotes":""},"categories":[109,47],"tags":[871],"class_list":["post-26343","post","type-post","status-publish","format-standard","has-post-thumbnail","hentry","category-minuto-a-minuto","category-zona-gris","tag-partido-morena-oaxaca"],"jetpack_featured_media_url":"https:\/\/zonaroja.com.mx\/wp-content\/uploads\/2020\/07\/Morena-bandera-3.jpg","jetpack_sharing_enabled":true,"_links":{"self":[{"href":"https:\/\/zonaroja.com.mx\/index.php?rest_route=\/wp\/v2\/posts\/26343","targetHints":{"allow":["GET"]}}],"collection":[{"href":"https:\/\/zonaroja.com.mx\/index.php?rest_route=\/wp\/v2\/posts"}],"about":[{"href":"https:\/\/zonaroja.com.mx\/index.php?rest_route=\/wp\/v2\/types\/post"}],"author":[{"embeddable":true,"href":"https:\/\/zonaroja.com.mx\/index.php?rest_route=\/wp\/v2\/users\/2"}],"replies":[{"embeddable":true,"href":"https:\/\/zonaroja.com.mx\/index.php?rest_route=%2Fwp%2Fv2%2Fcomments&post=26343"}],"version-history":[{"count":1,"href":"https:\/\/zonaroja.com.mx\/index.php?rest_route=\/wp\/v2\/posts\/26343\/revisions"}],"predecessor-version":[{"id":26344,"href":"https:\/\/zonaroja.com.mx\/index.php?rest_route=\/wp\/v2\/posts\/26343\/revisions\/26344"}],"wp:featuredmedia":[{"embeddable":true,"href":"https:\/\/zonaroja.com.mx\/index.php?rest_route=\/wp\/v2\/media\/14485"}],"wp:attachment":[{"href":"https:\/\/zonaroja.com.mx\/index.php?rest_route=%2Fwp%2Fv2%2Fmedia&parent=26343"}],"wp:term":[{"taxonomy":"category","embeddable":true,"href":"https:\/\/zonaroja.com.mx\/index.php?rest_route=%2Fwp%2Fv2%2Fcategories&post=26343"},{"taxonomy":"post_tag","embeddable":true,"href":"https:\/\/zonaroja.com.mx\/index.php?rest_route=%2Fwp%2Fv2%2Ftags&post=26343"}],"curies":[{"name":"wp","href":"https:\/\/api.w.org\/{rel}","templated":true}]}}