{"id":26346,"date":"2021-04-23T13:39:09","date_gmt":"2021-04-23T18:39:09","guid":{"rendered":"https:\/\/www.zonaroja.com.mx\/?p=26346"},"modified":"2021-04-23T13:41:16","modified_gmt":"2021-04-23T18:41:16","slug":"festividad-patronal-de-alotepec-mixe-sera-sin-eventos-masivos-confirma-autoridad","status":"publish","type":"post","link":"https:\/\/zonaroja.com.mx\/?p=26346","title":{"rendered":"Festividad patronal de Alotepec Mixe ser\u00e1 sin eventos masivos, confirma autoridad"},"content":{"rendered":"\n<p class=\"MsoNormal\">Yuridiana Sosa\/Zona Roja. <\/p>\n\n\n\n<p class=\"MsoNormal\">Oaxaca de Ju\u00e1rez,Oax., 23 de abril de 2021.- Autoridades municipales de Santa Mar\u00eda Alotepec Mixe, dieron a conocer que la celebraci\u00f3n en honor a Jes\u00fas de Nazareno se\u00f1or de Alotepec, s\u00ed se efectuar\u00e1, pero sin actividades de concentraci\u00f3n masiva de personas, <a href=\"\/\/1\">del 1 al 5 de mayo<\/a>.<\/p>\n\n\n\n<p class=\"MsoNormal\">Por medio de un comunicado, las autoridades indicaron que debido a la contingencia sanitaria de Covid-19, determinaron mantener algunas medidas sanitarias para evitar la propagaci\u00f3n del virus entre la comunidad y visitantes.<\/p>\n\n\n\n<p class=\"MsoNormal\">Precisaron que el Cabildo no ha autorizado la celebraci\u00f3n de eventos que puedan generar la concentraci\u00f3n masiva de personas, como son actividades deportivas, jaripeos y carreras de caballos. <\/p>\n\n\n\n<p class=\"MsoNormal\">Es as\u00ed que exhortaron a la poblaci\u00f3n que practican esos deportes respetar los acuerdos de la autoridad.<\/p>\n\n\n\n<p class=\"MsoNormal\">Para venerar a su santo patrono, la comunidad mantiene las puertas abiertas todo el a\u00f1o para recibir a los peregrinos, quienes de forma obligatoria deber\u00e1n cumplir con el uso de cubrebocas durante su estancia.<\/p>\n\n\n\n<p class=\"MsoNormal\">Las autoridades piden a los peregrinos programarse para visitar el santuario del Se\u00f1or de Alotepec para evitar aglomeraciones en el templo cat\u00f3lico y evitar cualquier contagio entre los d\u00edas <a href=\"\/\/2\">1 al 5 de mayo<\/a>.<\/p>\n","protected":false},"excerpt":{"rendered":"<p>Yuridiana Sosa\/Zona Roja. Oaxaca de Ju\u00e1rez,Oax., 23 de abril de 2021.- Autoridades municipales de Santa&hellip;<\/p>\n","protected":false},"author":2,"featured_media":26345,"comment_status":"closed","ping_status":"open","sticky":false,"template":"","format":"standard","meta":{"_lmt_disableupdate":"","_lmt_disable":"","_jetpack_memberships_contains_paid_content":false,"footnotes":""},"categories":[109,46],"tags":[474],"class_list":["post-26346","post","type-post","status-publish","format-standard","has-post-thumbnail","hentry","category-minuto-a-minuto","category-zona-blanca","tag-santa-maria-alotepec-mixe"],"jetpack_featured_media_url":"https:\/\/zonaroja.com.mx\/wp-content\/uploads\/2021\/04\/c1bfb75f-14c1-480c-953f-36e00da4930a.jpg","jetpack_sharing_enabled":true,"_links":{"self":[{"href":"https:\/\/zonaroja.com.mx\/index.php?rest_route=\/wp\/v2\/posts\/26346","targetHints":{"allow":["GET"]}}],"collection":[{"href":"https:\/\/zonaroja.com.mx\/index.php?rest_route=\/wp\/v2\/posts"}],"about":[{"href":"https:\/\/zonaroja.com.mx\/index.php?rest_route=\/wp\/v2\/types\/post"}],"author":[{"embeddable":true,"href":"https:\/\/zonaroja.com.mx\/index.php?rest_route=\/wp\/v2\/users\/2"}],"replies":[{"embeddable":true,"href":"https:\/\/zonaroja.com.mx\/index.php?rest_route=%2Fwp%2Fv2%2Fcomments&post=26346"}],"version-history":[{"count":1,"href":"https:\/\/zonaroja.com.mx\/index.php?rest_route=\/wp\/v2\/posts\/26346\/revisions"}],"predecessor-version":[{"id":26347,"href":"https:\/\/zonaroja.com.mx\/index.php?rest_route=\/wp\/v2\/posts\/26346\/revisions\/26347"}],"wp:featuredmedia":[{"embeddable":true,"href":"https:\/\/zonaroja.com.mx\/index.php?rest_route=\/wp\/v2\/media\/26345"}],"wp:attachment":[{"href":"https:\/\/zonaroja.com.mx\/index.php?rest_route=%2Fwp%2Fv2%2Fmedia&parent=26346"}],"wp:term":[{"taxonomy":"category","embeddable":true,"href":"https:\/\/zonaroja.com.mx\/index.php?rest_route=%2Fwp%2Fv2%2Fcategories&post=26346"},{"taxonomy":"post_tag","embeddable":true,"href":"https:\/\/zonaroja.com.mx\/index.php?rest_route=%2Fwp%2Fv2%2Ftags&post=26346"}],"curies":[{"name":"wp","href":"https:\/\/api.w.org\/{rel}","templated":true}]}}