{"id":26348,"date":"2021-04-23T14:54:26","date_gmt":"2021-04-23T19:54:26","guid":{"rendered":"https:\/\/www.zonaroja.com.mx\/?p=26348"},"modified":"2021-04-23T14:54:29","modified_gmt":"2021-04-23T19:54:29","slug":"mantienen-exigencia-de-seguridad-y-justicia-en-paso-de-la-reyna","status":"publish","type":"post","link":"https:\/\/zonaroja.com.mx\/?p=26348","title":{"rendered":"Mantienen exigencia de seguridad y justicia en Paso de la Reyna"},"content":{"rendered":"\n<p class=\"MsoNormal\">Evlin Arag\u00f3n<em>\/ <\/em>Zona Roja.<\/p>\n\n\n\n<p class=\"MsoNormal\">Oaxaca de Ju\u00e1rez, Oax., 23 de abril de 2021.- Cinco vidas en lo que va del a\u00f1o ha cobrado la violencia en Paso de la Reyna, localidad ubicada en el municipio de Santiago Jamiltepec, debido a la falta de seguridad por parte de las autoridades de los tres \u00f3rdenes de gobierno, pese a las reiteradas solicitudes de la poblaci\u00f3n. <\/p>\n\n\n\n<p class=\"MsoNormal\">De ah\u00ed que con la reciente conmemoraci\u00f3n del D\u00eda de la Tierra, activistas y defensores de territorio en Oaxaca recordaron la exigencia de justicia y seguridad en la zona, donde la poblaci\u00f3n se opone a la construcci\u00f3n de proyectos hidroel\u00e9ctricos de gran calado.&nbsp;&nbsp;<\/p>\n\n\n\n<p class=\"MsoNormal\">\u201cTiempos violentos se viven en Paso de la Reyna, Oaxaca, en menos de tres meses cinco habitantes han sido asesinados, dos de ellos, integrantes activos del Consejo de Pueblos Unidos por la Defensa del R\u00edo Verde (Copudever) y del Movimiento Mexicano de Afectados por Presas y en Defensa de los R\u00edos (MAPDER)\u201d, refiere un comunicado emitido recientemente.  <\/p>\n\n\n\n<p class=\"MsoNormal\">En este sentido explicaron que, aunque desde el mes de enero que fue asesinado Fidel Heras Cruz, mantienen comunicaci\u00f3n con dependencias estatales y federales, \u00e9stas no han designado las medidas de seguridad colectivas que han solicitado en reiteradas ocasiones, de ah\u00ed que son estas las responsables de los cuatro homicidios posteriores. <\/p>\n\n\n\n<p class=\"MsoNormal\">Por ello, habitantes de Paso de la Reyna han tomado la autodeterminaci\u00f3n de velar por su propia seguridad, como lo hicieron en el 2009, ante las amenazas de la construcci\u00f3n del Proyecto Hidroel\u00e9ctrico e instalaron un campamento en la entra del pueblo a fin de resguardar su integridad f\u00edsica.  <\/p>\n\n\n\n<p class=\"MsoNormal\">Recordaron que fue <a href=\"\/\/0\">el 23 de enero<\/a> cuando Fidel Hera fue ultimado cerca de la vecina comunidad de La Esperanza. El homicidio se dio en el contexto de un conflicto surgido en 2019 relacionado con la extracci\u00f3n de material p\u00e9treo en el r\u00edo \u201cVerde\u201d, frente al cual, el activista y su pueblo se opusieron reiteradamente.  <\/p>\n\n\n\n<p class=\"MsoNormal\">De ah\u00ed siguieron los asesinatos de Raymundo Robles Ria\u00f1o, No\u00e9 Roble Cruz, Gerardo Mendoza Reyes, el 15 de marzo; y Jaime Jim\u00e9nez Ruiz, el 28 del mismo mes.&nbsp;&nbsp;&nbsp;<\/p>\n\n\n\n<p class=\"MsoNormal\">As\u00ed mismo, manifestaron que las y los defensores comunitarios del ejido de Paso de la Reyna son piezas importantes en la consolidaci\u00f3n de la resistencia frente a los proyectos PH R\u00edo Verde, de la empresa privada ENERSI S.A de C.V. y de la Comisi\u00f3n Federal de Electricidad, que ha intentado, desde 2006, la construcci\u00f3n del Proyecto Hidroel\u00e9ctrico de Usos M\u00faltiple Paso de la Reyna, sobre el r\u00edo \u201cVerde\u201d.  <\/p>\n\n\n\n<p class=\"MsoNormal\">La resistencia de los megaproyectos est\u00e1 encabezada por 43 comunidades y pueblos mixtecos, chatinos, afrooaxaque\u00f1os y mestizos, adem\u00e1s de autoridades agrarias, municipales y tradicionales, agrupadas en el Consejo de Pueblos por la Defensa del R\u00edo Verde (Copudever). <\/p>\n\n\n\n<p class=\"MsoNormal\">\u201cLa lucha pac\u00edfica del Copudever es importante en la defensa de los territorios no s\u00f3lo de Oaxaca, sino tambi\u00e9n a lo largo del territorio nacional y Centroam\u00e9rica donde siempre han sido solidario a las otras luchas y han compartido sus ense\u00f1anzas de protecci\u00f3n del territorio\u201d, indicaron.  <\/p>\n","protected":false},"excerpt":{"rendered":"<p>Evlin Arag\u00f3n\/ Zona Roja. Oaxaca de Ju\u00e1rez, Oax., 23 de abril de 2021.- Cinco vidas&hellip;<\/p>\n","protected":false},"author":2,"featured_media":25404,"comment_status":"closed","ping_status":"open","sticky":false,"template":"","format":"standard","meta":{"_lmt_disableupdate":"","_lmt_disable":"","_jetpack_memberships_contains_paid_content":false,"footnotes":""},"categories":[109,47],"tags":[2397],"class_list":["post-26348","post","type-post","status-publish","format-standard","has-post-thumbnail","hentry","category-minuto-a-minuto","category-zona-gris","tag-paso-de-la-reyna-jamiltepec"],"jetpack_featured_media_url":"https:\/\/zonaroja.com.mx\/wp-content\/uploads\/2021\/04\/Paso-de-la-Reyna-Jamiltepec.jpg","jetpack_sharing_enabled":true,"_links":{"self":[{"href":"https:\/\/zonaroja.com.mx\/index.php?rest_route=\/wp\/v2\/posts\/26348","targetHints":{"allow":["GET"]}}],"collection":[{"href":"https:\/\/zonaroja.com.mx\/index.php?rest_route=\/wp\/v2\/posts"}],"about":[{"href":"https:\/\/zonaroja.com.mx\/index.php?rest_route=\/wp\/v2\/types\/post"}],"author":[{"embeddable":true,"href":"https:\/\/zonaroja.com.mx\/index.php?rest_route=\/wp\/v2\/users\/2"}],"replies":[{"embeddable":true,"href":"https:\/\/zonaroja.com.mx\/index.php?rest_route=%2Fwp%2Fv2%2Fcomments&post=26348"}],"version-history":[{"count":1,"href":"https:\/\/zonaroja.com.mx\/index.php?rest_route=\/wp\/v2\/posts\/26348\/revisions"}],"predecessor-version":[{"id":26349,"href":"https:\/\/zonaroja.com.mx\/index.php?rest_route=\/wp\/v2\/posts\/26348\/revisions\/26349"}],"wp:featuredmedia":[{"embeddable":true,"href":"https:\/\/zonaroja.com.mx\/index.php?rest_route=\/wp\/v2\/media\/25404"}],"wp:attachment":[{"href":"https:\/\/zonaroja.com.mx\/index.php?rest_route=%2Fwp%2Fv2%2Fmedia&parent=26348"}],"wp:term":[{"taxonomy":"category","embeddable":true,"href":"https:\/\/zonaroja.com.mx\/index.php?rest_route=%2Fwp%2Fv2%2Fcategories&post=26348"},{"taxonomy":"post_tag","embeddable":true,"href":"https:\/\/zonaroja.com.mx\/index.php?rest_route=%2Fwp%2Fv2%2Ftags&post=26348"}],"curies":[{"name":"wp","href":"https:\/\/api.w.org\/{rel}","templated":true}]}}