{"id":2635,"date":"2019-07-30T11:27:26","date_gmt":"2019-07-30T16:27:26","guid":{"rendered":"http:\/\/www.zonaroja.com.mx\/?p=2635"},"modified":"2019-07-30T11:27:29","modified_gmt":"2019-07-30T16:27:29","slug":"incrementan-quejas-contra-titular-de-los-sso-donato-casas","status":"publish","type":"post","link":"https:\/\/zonaroja.com.mx\/?p=2635","title":{"rendered":"Incrementan quejas contra titular de los SSO, Donato Casas"},"content":{"rendered":"\n<p>Redacci\u00f3n<\/p>\n\n\n\n<p>Oaxaca de\nJu\u00e1rez, Oax., 30 de julio de 2019.- Reci\u00e9n concluidas las fiestas de los Lunes\ndel Cerro, las protestas en contra del titular de los Servicios de Salud de\nOaxaca (SSO), Donato Casas Escamilla, se reactivaron, ante la nula atenci\u00f3n a\ndiversas problem\u00e1ticas.<\/p>\n\n\n\n<p>La ma\u00f1ana de hoy, integrantes del Sindicato de Trabajadores y Profesionales de la Salud, volvieron a apoderarse de las oficinas de la dependencia en el Centro Hist\u00f3rico.<\/p>\n\n\n\n<figure class=\"wp-block-image\"><img decoding=\"async\" width=\"1024\" height=\"576\" src=\"http:\/\/www.zonaroja.com.mx\/wp-content\/uploads\/2019\/07\/31ebea3f-4adc-45f0-850f-13ad11a9445f-1024x576.jpg\" alt=\"\" class=\"wp-image-2637\" srcset=\"https:\/\/zonaroja.com.mx\/wp-content\/uploads\/2019\/07\/31ebea3f-4adc-45f0-850f-13ad11a9445f-1024x576.jpg 1024w, https:\/\/zonaroja.com.mx\/wp-content\/uploads\/2019\/07\/31ebea3f-4adc-45f0-850f-13ad11a9445f-300x169.jpg 300w, https:\/\/zonaroja.com.mx\/wp-content\/uploads\/2019\/07\/31ebea3f-4adc-45f0-850f-13ad11a9445f-768x432.jpg 768w, https:\/\/zonaroja.com.mx\/wp-content\/uploads\/2019\/07\/31ebea3f-4adc-45f0-850f-13ad11a9445f-1170x658.jpg 1170w, https:\/\/zonaroja.com.mx\/wp-content\/uploads\/2019\/07\/31ebea3f-4adc-45f0-850f-13ad11a9445f-585x329.jpg 585w, https:\/\/zonaroja.com.mx\/wp-content\/uploads\/2019\/07\/31ebea3f-4adc-45f0-850f-13ad11a9445f.jpg 1280w\" sizes=\"(max-width: 1024px) 100vw, 1024px\" \/><\/figure>\n\n\n\n<p>Seg\u00fan uno de\nsus dirigentes, Luis \u00c1ngel Cort\u00e9s, las principales demandas son el respeto a\nlos derechos de los trabajadores afiliados al sindicato y cumplimiento de\nlaudos favorables.<\/p>\n\n\n\n<p>Indic\u00f3 que\nlos aproximadamente 400 trabajadores afiliados exigen tambi\u00e9n cese al\nhostigamiento laboral, como ocurre en cl\u00ednicas y hospitales de Salina Cruz,\ndonde desde ayer se efectu\u00f3 una protesta. <\/p>\n\n\n\n<p>Por otra\nparte, en Pinotepa Nacional por segundo d\u00eda consecutivo contin\u00faa el paro de trabajadores\ndel Hospital General \u201cDr. Pedro Espinosa Rueda\u201d, por parte de miembros de la\nSecci\u00f3n 35 del Sindicato Nacional de Trabajadores de la Secretar\u00eda de Salud\n(SNTSA), para demandar dotaci\u00f3n de medicamentos e insumos para curaci\u00f3n.<\/p>\n\n\n\n<p>Desde la\nma\u00f1ana de ayer los sindicalizados colocaron lonas en los accesos al hospital,\npara denunciar que a la fecha el titular de los SSO no ha dado respuestas para\nresolver la problem\u00e1tica.<\/p>\n\n\n\n<p>Por ello,\nresponsabilizaron a Donato Casas Escamilla de los problemas de salud que se\noriginen a falta de medicamentos y materiales de curaci\u00f3n para atender a la\npoblaci\u00f3n.<\/p>\n","protected":false},"excerpt":{"rendered":"<p>Redacci\u00f3n Oaxaca de Ju\u00e1rez, Oax., 30 de julio de 2019.- Reci\u00e9n concluidas las fiestas de&hellip;<\/p>\n","protected":false},"author":2,"featured_media":2636,"comment_status":"closed","ping_status":"open","sticky":false,"template":"","format":"standard","meta":{"_lmt_disableupdate":"","_lmt_disable":"","_jetpack_memberships_contains_paid_content":false,"footnotes":""},"categories":[109,47],"tags":[430],"class_list":["post-2635","post","type-post","status-publish","format-standard","has-post-thumbnail","hentry","category-minuto-a-minuto","category-zona-gris","tag-incrementan-quejas-contra-titular-de-los-sso"],"jetpack_featured_media_url":"https:\/\/zonaroja.com.mx\/wp-content\/uploads\/2019\/07\/IMG_4492.jpg","jetpack_sharing_enabled":true,"_links":{"self":[{"href":"https:\/\/zonaroja.com.mx\/index.php?rest_route=\/wp\/v2\/posts\/2635","targetHints":{"allow":["GET"]}}],"collection":[{"href":"https:\/\/zonaroja.com.mx\/index.php?rest_route=\/wp\/v2\/posts"}],"about":[{"href":"https:\/\/zonaroja.com.mx\/index.php?rest_route=\/wp\/v2\/types\/post"}],"author":[{"embeddable":true,"href":"https:\/\/zonaroja.com.mx\/index.php?rest_route=\/wp\/v2\/users\/2"}],"replies":[{"embeddable":true,"href":"https:\/\/zonaroja.com.mx\/index.php?rest_route=%2Fwp%2Fv2%2Fcomments&post=2635"}],"version-history":[{"count":1,"href":"https:\/\/zonaroja.com.mx\/index.php?rest_route=\/wp\/v2\/posts\/2635\/revisions"}],"predecessor-version":[{"id":2638,"href":"https:\/\/zonaroja.com.mx\/index.php?rest_route=\/wp\/v2\/posts\/2635\/revisions\/2638"}],"wp:featuredmedia":[{"embeddable":true,"href":"https:\/\/zonaroja.com.mx\/index.php?rest_route=\/wp\/v2\/media\/2636"}],"wp:attachment":[{"href":"https:\/\/zonaroja.com.mx\/index.php?rest_route=%2Fwp%2Fv2%2Fmedia&parent=2635"}],"wp:term":[{"taxonomy":"category","embeddable":true,"href":"https:\/\/zonaroja.com.mx\/index.php?rest_route=%2Fwp%2Fv2%2Fcategories&post=2635"},{"taxonomy":"post_tag","embeddable":true,"href":"https:\/\/zonaroja.com.mx\/index.php?rest_route=%2Fwp%2Fv2%2Ftags&post=2635"}],"curies":[{"name":"wp","href":"https:\/\/api.w.org\/{rel}","templated":true}]}}