{"id":26350,"date":"2021-04-23T16:46:46","date_gmt":"2021-04-23T21:46:46","guid":{"rendered":"http:\/\/www.zonaroja.com.mx\/?p=26350"},"modified":"2021-04-23T16:46:52","modified_gmt":"2021-04-23T21:46:52","slug":"confirman-inicio-de-vacunacion-contra-el-covid-19-a-docentes-de-oaxaca","status":"publish","type":"post","link":"https:\/\/zonaroja.com.mx\/?p=26350","title":{"rendered":"Confirman inicio de vacunaci\u00f3n contra el Covid-19 a docentes de Oaxaca"},"content":{"rendered":"\n<p>Ismael Garc\u00eda M.\/Zona Roja.<\/p>\n\n\n\n<p>Oaxaca de Ju\u00e1rez, Oax., 23 de abril de 2021.- Los gobierno federal y estatal confirmaron hoy el inicio de la vacunaci\u00f3n contra el Covid-19 a docentes de escuelas p\u00fablicas y privadas del estado de Oaxaca.<\/p>\n\n\n\n<p>Ser\u00e1n 117 mil 286 trabajadores de la educaci\u00f3n, confirm\u00f3 la titular de la Secretar\u00eda de Seguridad y Protecci\u00f3n Ciudadana, Rosa Icela Rodr\u00edguez, en conferencia de prensa junto con el gobernador Alejandro Murat Hinojosa.<\/p>\n\n\n\n<p>En el Centro Cultural y de Convenciones de Oaxaca, ubicado en la agencia de Santa Mar\u00eda Ixcotel, la funcionaria federal destac\u00f3 asimismo el esfuerzo de servidores p\u00fablicos que participan en los operativos, para la jornada que ser\u00e1 del 28 de abril al 2 de mayo.<\/p>\n\n\n\n<p>\u201cEst\u00e1n muy activos, con mucha eficacia trabajando en todos los preparativos para la vacunaci\u00f3n al sector educativo; extender el reconocimiento a los dirigentes del magisterio por su apoyo invaluable en esta estrategia nacional, para que sea una realidad\u201d, dijo la funcionaria federal.<\/p>\n\n\n\n<p>Detall\u00f3 que el pasado 30 de marzo, el Presidente de M\u00e9xico, Andr\u00e9s Manuel L\u00f3pez Obrador, anunci\u00f3 la segunda etapa de la estrategia de vacunaci\u00f3n, enfocada a inocular a maestros y maestras de escuelas p\u00fablicas y privadas del pa\u00eds, para que en cuanto se pueda, regresar a las clases presenciales.<\/p>\n\n\n\n<figure class=\"wp-block-embed-twitter wp-block-embed is-type-rich is-provider-twitter\"><div class=\"wp-block-embed__wrapper\">\n<div class=\"twitter-tweet\"><blockquote class=\"twitter-tweet\" data-lang=\"es\"><p lang=\"es\" dir=\"ltr\"><a href=\"https:\/\/twitter.com\/hashtag\/%C3%9AltimoMinuto?src=hash&amp;ref_src=twsrc%5Etfw\">#\u00daltimoMinuto<\/a> <br>1. Se encuentra en <a href=\"https:\/\/twitter.com\/hashtag\/Oaxaca?src=hash&amp;ref_src=twsrc%5Etfw\">#Oaxaca<\/a> la titular de la <a href=\"https:\/\/twitter.com\/SSPCMexico?ref_src=twsrc%5Etfw\">@SSPCMexico<\/a>, <a href=\"https:\/\/twitter.com\/rosaicela_?ref_src=twsrc%5Etfw\">@rosaicela_<\/a>, para detallar los preparativos de la vacuna contra el Covid-19 a maestros; destaca avances significativos en el operativo. <a href=\"https:\/\/t.co\/T1Iteb1K4h\">pic.twitter.com\/T1Iteb1K4h<\/a><\/p>&mdash; Zona Roja Oaxaca (@Zona_Roja_Oax) <a href=\"https:\/\/twitter.com\/Zona_Roja_Oax\/status\/1385699284192878592?ref_src=twsrc%5Etfw\">23 de abril de 2021<\/a><\/blockquote><\/div>\n<\/div><\/figure>\n\n\n\n<p>\u201cNos llena mucho de entusiasmo, orgullo que el Presidente nos haya enviado para estar colaborando con el equipo del se\u00f1or gobernador y que seamos aqu\u00ed enlaces de la campa\u00f1a nacional de vacunaci\u00f3n\u201d, dijo, al anunciar que habr\u00e1 un representante directo del gobierno federal con el Jefe de Oficina de la Secretar\u00eda de Seguridad, Iv\u00e1n Escalante.<\/p>\n\n\n\n<p>SIN DISTINGOS<\/p>\n\n\n\n<p>Por su parte, el gobernador de Oaxaca agradeci\u00f3 la presencia de la secretaria de Seguridad; \u201choy es otro de esos grandes d\u00edas, porque traemos buenas noticias\u201d, dijo, al reconocer el respaldo presidencial.<\/p>\n\n\n\n<figure class=\"wp-block-embed-twitter wp-block-embed is-type-rich is-provider-twitter\"><div class=\"wp-block-embed__wrapper\">\n<div class=\"twitter-tweet\"><blockquote class=\"twitter-tweet\" data-lang=\"es\"><p lang=\"es\" dir=\"ltr\"><a href=\"https:\/\/twitter.com\/hashtag\/%C3%9AltimoMinuto?src=hash&amp;ref_src=twsrc%5Etfw\">#\u00daltimoMinuto<\/a> <br>2. En su intervenci\u00f3n en conferencia de prensa con <a href=\"https:\/\/twitter.com\/rosaicela_?ref_src=twsrc%5Etfw\">@rosaicela_<\/a>, el gobernador de Oaxaca, <a href=\"https:\/\/twitter.com\/alejandromurat?ref_src=twsrc%5Etfw\">@alejandromurat<\/a>, detalla que ser\u00e1n aproximadamente 117 mil trabajadores de la educaci\u00f3n que ser\u00e1n vacunados contra el Covid-19. <a href=\"https:\/\/t.co\/eMY0WTggBL\">pic.twitter.com\/eMY0WTggBL<\/a><\/p>&mdash; Zona Roja Oaxaca (@Zona_Roja_Oax) <a href=\"https:\/\/twitter.com\/Zona_Roja_Oax\/status\/1385700902154039297?ref_src=twsrc%5Etfw\">23 de abril de 2021<\/a><\/blockquote><\/div>\n<\/div><\/figure>\n\n\n\n<p>Confirm\u00f3 que del mi\u00e9rcoles 28 al 2 de mayo ser\u00e1 la jornada de vacunaci\u00f3n a docentes, y si es necesario, se ampliar\u00e1 el lapso; expuso que ser\u00e1n 117 mil 333 docentes los que se inmunizar\u00e1n, pero se tendr\u00e1n 120 mil dosis de manera preventiva.<\/p>\n\n\n\n<p>Asimismo, se instalar\u00e1n 22 centros de vacunaci\u00f3n en 19 vacunaci\u00f3n, con 85 c\u00e9lulas, integradas por un doctor, una enfermera y un promotor, adem\u00e1s de 22 ambulancias, si se requiere en los d\u00edas de aplicaci\u00f3n del inmunol\u00f3gico.<\/p>\n\n\n\n<p>Acompa\u00f1ado del director del Instituto Estatal de Educaci\u00f3n P\u00fablica de Oaxaca, Francisco \u00c1ngel Villarreal, destac\u00f3 la participaci\u00f3n del magisterio y dijo que los primeros dos d\u00edas ser\u00e1n de aplicaci\u00f3n a la vacuna a docentes del nivel b\u00e1sico y los d\u00edas posteriores, a las y los maestros del nivel medio superior y superior, sin distingo alguno.<\/p>\n","protected":false},"excerpt":{"rendered":"<p>Ismael Garc\u00eda M.\/Zona Roja. Oaxaca de Ju\u00e1rez, Oax., 23 de abril de 2021.- Los gobierno&hellip;<\/p>\n","protected":false},"author":2,"featured_media":26351,"comment_status":"closed","ping_status":"open","sticky":false,"template":"","format":"standard","meta":{"_lmt_disableupdate":"","_lmt_disable":"","_jetpack_memberships_contains_paid_content":false,"footnotes":""},"categories":[109,46],"tags":[173],"class_list":["post-26350","post","type-post","status-publish","format-standard","has-post-thumbnail","hentry","category-minuto-a-minuto","category-zona-blanca","tag-alejandro-murat-hinojosa"],"jetpack_featured_media_url":"https:\/\/zonaroja.com.mx\/wp-content\/uploads\/2021\/04\/Conferencia-de-prensa-gobernador-y-SSPC.jpg","jetpack_sharing_enabled":true,"_links":{"self":[{"href":"https:\/\/zonaroja.com.mx\/index.php?rest_route=\/wp\/v2\/posts\/26350","targetHints":{"allow":["GET"]}}],"collection":[{"href":"https:\/\/zonaroja.com.mx\/index.php?rest_route=\/wp\/v2\/posts"}],"about":[{"href":"https:\/\/zonaroja.com.mx\/index.php?rest_route=\/wp\/v2\/types\/post"}],"author":[{"embeddable":true,"href":"https:\/\/zonaroja.com.mx\/index.php?rest_route=\/wp\/v2\/users\/2"}],"replies":[{"embeddable":true,"href":"https:\/\/zonaroja.com.mx\/index.php?rest_route=%2Fwp%2Fv2%2Fcomments&post=26350"}],"version-history":[{"count":1,"href":"https:\/\/zonaroja.com.mx\/index.php?rest_route=\/wp\/v2\/posts\/26350\/revisions"}],"predecessor-version":[{"id":26352,"href":"https:\/\/zonaroja.com.mx\/index.php?rest_route=\/wp\/v2\/posts\/26350\/revisions\/26352"}],"wp:featuredmedia":[{"embeddable":true,"href":"https:\/\/zonaroja.com.mx\/index.php?rest_route=\/wp\/v2\/media\/26351"}],"wp:attachment":[{"href":"https:\/\/zonaroja.com.mx\/index.php?rest_route=%2Fwp%2Fv2%2Fmedia&parent=26350"}],"wp:term":[{"taxonomy":"category","embeddable":true,"href":"https:\/\/zonaroja.com.mx\/index.php?rest_route=%2Fwp%2Fv2%2Fcategories&post=26350"},{"taxonomy":"post_tag","embeddable":true,"href":"https:\/\/zonaroja.com.mx\/index.php?rest_route=%2Fwp%2Fv2%2Ftags&post=26350"}],"curies":[{"name":"wp","href":"https:\/\/api.w.org\/{rel}","templated":true}]}}