{"id":26353,"date":"2021-04-23T17:12:16","date_gmt":"2021-04-23T22:12:16","guid":{"rendered":"http:\/\/www.zonaroja.com.mx\/?p=26353"},"modified":"2021-04-23T17:12:25","modified_gmt":"2021-04-23T22:12:25","slug":"insisten-burocratas-en-auditoria-y-elecciones-para-renovar-dirigencia-de-stpeidceo","status":"publish","type":"post","link":"https:\/\/zonaroja.com.mx\/?p=26353","title":{"rendered":"Insisten bur\u00f3cratas en auditor\u00eda y elecciones para renovar dirigencia de STPEIDCEO"},"content":{"rendered":"\n<p>Yuridiana Sosa\/Zona Roja.<\/p>\n\n\n\n<p>Oaxaca de Ju\u00e1rez, Oax., 23 de abril de 2021.- Ante el t\u00e9rmino del periodo del Comit\u00e9 Ejecutivo del Sindicato de Trabajadores de los Poderes del Estado e Instituciones Descentralizadas de Car\u00e1cter Estatal de Oaxaca (STPEIDCEO), un grupo de bur\u00f3cratas insisti\u00f3 en su rechazo a la pr\u00f3rroga para la dirigencia actual y exigi\u00f3 elecciones.<\/p>\n\n\n\n<p>La ma\u00f1ana de este viernes, los trabajadores se manifestaron en las oficinas sindicales ubicadas al norte de la capital del estado, para denunciar los abusos al estatuto sindical por parte de Juan Ignacio Cruz Villavicencio para permanecer en el cargo, con el pretexto que no puede haber elecciones por la pandemia.<\/p>\n\n\n\n<p>Para continuar como secretario general, el pasado fin de semana Cruz Villavicencio y el comit\u00e9 estatal llevaron a cabo una asamblea extraordinaria de delegados para conseguir el respaldo para prolongar su periodo, el cual es analizado.<\/p>\n\n\n\n<p>Sin embargo, los trabajadores se\u00f1alan que esa acci\u00f3n esta fuera de los estatutos sindicales, por lo que afirman que de ejecutarse la pr\u00f3rroga \u00e9sta ser\u00e1 ilegal y no reconocida por la base trabajadora.<\/p>\n\n\n\n<figure class=\"wp-block-embed-twitter wp-block-embed is-type-rich is-provider-twitter\"><div class=\"wp-block-embed__wrapper\">\n<div class=\"twitter-tweet\"><blockquote class=\"twitter-tweet\" data-lang=\"es\"><p lang=\"es\" dir=\"ltr\"><a href=\"https:\/\/twitter.com\/hashtag\/ENVIVO?src=hash&amp;ref_src=twsrc%5Etfw\">#ENVIVO<\/a> <br>Oaxaca de Ju\u00e1rez, Oax., a 23 de abril de 2021.- Conferencia de prensa de una corriente al interior del Sindicato de Trabajadores y Empleados del Gobierno del Estado, inconforme con su dirigencia sindical. <br>Siga la transmisi\u00f3n:<br>\ud83d\udc47<a href=\"https:\/\/t.co\/APhaHAd7Xl\">https:\/\/t.co\/APhaHAd7Xl<\/a> <a href=\"https:\/\/t.co\/qrbg9C9iZk\">pic.twitter.com\/qrbg9C9iZk<\/a><\/p>&mdash; Zona Roja Oaxaca (@Zona_Roja_Oax) <a href=\"https:\/\/twitter.com\/Zona_Roja_Oax\/status\/1385614516667383808?ref_src=twsrc%5Etfw\">23 de abril de 2021<\/a><\/blockquote><\/div>\n<\/div><\/figure>\n\n\n\n<p>Este grupo de bur\u00f3cratas tambi\u00e9n demand\u00f3 la ejecuci\u00f3n de una auditor\u00eda para conocer el destino de 60 millones de pesos por concepto de cuotas sindicales por tres a\u00f1os, de 2018 a 2021.<\/p>\n\n\n\n<p>Mientras que otro grupo identificado como \u201cFuerza Negra\u201d manifest\u00f3 en d\u00edas pasado que, partir de este 24 de abril, desconocer\u00e1 a Juan Ignacio Cruz como el secretario general, pues tambi\u00e9n rechazan la pr\u00f3rroga de su cargo.<\/p>\n\n\n\n<p>Ambos grupos, cada uno por su parte, han coincidido en que se realicen las elecciones, con las medidas suficientes frente al Covid.19, mismas que de acuerdo al reglamento del sindicato deben realizarse durante los 10 primero d\u00edas de diciembre cada tres a\u00f1o.<\/p>\n","protected":false},"excerpt":{"rendered":"<p>Yuridiana Sosa\/Zona Roja. Oaxaca de Ju\u00e1rez, Oax., 23 de abril de 2021.- Ante el t\u00e9rmino&hellip;<\/p>\n","protected":false},"author":2,"featured_media":26354,"comment_status":"closed","ping_status":"open","sticky":false,"template":"","format":"standard","meta":{"_lmt_disableupdate":"","_lmt_disable":"","_jetpack_memberships_contains_paid_content":false,"footnotes":""},"categories":[109,47],"tags":[1781],"class_list":["post-26353","post","type-post","status-publish","format-standard","has-post-thumbnail","hentry","category-minuto-a-minuto","category-zona-gris","tag-sindicato-de-trabajadores-al-servicio-de-los-poderes-del-estado"],"jetpack_featured_media_url":"https:\/\/zonaroja.com.mx\/wp-content\/uploads\/2021\/04\/Conferencia-burocratas-STPEIDCEO.jpg","jetpack_sharing_enabled":true,"_links":{"self":[{"href":"https:\/\/zonaroja.com.mx\/index.php?rest_route=\/wp\/v2\/posts\/26353","targetHints":{"allow":["GET"]}}],"collection":[{"href":"https:\/\/zonaroja.com.mx\/index.php?rest_route=\/wp\/v2\/posts"}],"about":[{"href":"https:\/\/zonaroja.com.mx\/index.php?rest_route=\/wp\/v2\/types\/post"}],"author":[{"embeddable":true,"href":"https:\/\/zonaroja.com.mx\/index.php?rest_route=\/wp\/v2\/users\/2"}],"replies":[{"embeddable":true,"href":"https:\/\/zonaroja.com.mx\/index.php?rest_route=%2Fwp%2Fv2%2Fcomments&post=26353"}],"version-history":[{"count":1,"href":"https:\/\/zonaroja.com.mx\/index.php?rest_route=\/wp\/v2\/posts\/26353\/revisions"}],"predecessor-version":[{"id":26355,"href":"https:\/\/zonaroja.com.mx\/index.php?rest_route=\/wp\/v2\/posts\/26353\/revisions\/26355"}],"wp:featuredmedia":[{"embeddable":true,"href":"https:\/\/zonaroja.com.mx\/index.php?rest_route=\/wp\/v2\/media\/26354"}],"wp:attachment":[{"href":"https:\/\/zonaroja.com.mx\/index.php?rest_route=%2Fwp%2Fv2%2Fmedia&parent=26353"}],"wp:term":[{"taxonomy":"category","embeddable":true,"href":"https:\/\/zonaroja.com.mx\/index.php?rest_route=%2Fwp%2Fv2%2Fcategories&post=26353"},{"taxonomy":"post_tag","embeddable":true,"href":"https:\/\/zonaroja.com.mx\/index.php?rest_route=%2Fwp%2Fv2%2Ftags&post=26353"}],"curies":[{"name":"wp","href":"https:\/\/api.w.org\/{rel}","templated":true}]}}