{"id":26362,"date":"2021-04-23T21:09:06","date_gmt":"2021-04-24T02:09:06","guid":{"rendered":"http:\/\/www.zonaroja.com.mx\/?p=26362"},"modified":"2021-04-23T21:09:16","modified_gmt":"2021-04-24T02:09:16","slug":"sentencia-de-teeo-abre-camino-a-la-representacion-del-pueblo-afromexicano","status":"publish","type":"post","link":"https:\/\/zonaroja.com.mx\/?p=26362","title":{"rendered":"Sentencia de TEEO abre camino a la representaci\u00f3n del pueblo afromexicano"},"content":{"rendered":"\n<p>Yuridiana Sosa\/Zona Roja.<\/p>\n\n\n\n<p>Oaxaca de Ju\u00e1rez, Oax., 23 de abril de 2021.- \u201cHist\u00f3ricamente, las mujeres afromexicanas, las mujeres ind\u00edgenas, hemos sido discriminadas. Que no haya m\u00e1s actos de este tipo; las mujeres hemos vivido ese proceso en el estado y en el pa\u00eds, por eso el IEEPCO, con una actitud antirracista, debe revisar los casos\u201d.<\/p>\n\n\n\n<p>As\u00ed se pronunci\u00f3 hoy Rosa Mar\u00eda Castro Salinas, aspirante a una candidatura a diputaci\u00f3n local por el Partido Morena, en conferencia de prensa junto con otras tres mujeres que han sido discriminadas por su condici\u00f3n ind\u00edgena.<\/p>\n\n\n\n<p>\u201cQue no haya usurpaci\u00f3n de identidad, porque ahora resulta que alguna gente por llegar a un puesto pol\u00edtico, ya se est\u00e1 asumiendo como afromexicana\u201d, reclam\u00f3 Castro Salinas al Instituto Estatal Electoral.<\/p>\n\n\n\n<p>\u201cEstamos festejando un 50-60 por ciento de un triunfo que obtuvimos en el Tribunal Electoral del Estado de Oaxaca. Estamos juntas porque nuestra lucha contra la discriminaci\u00f3n, contra la injusticia, es igual\u201d, afirm\u00f3 a su vez Karina Regalado.<\/p>\n\n\n\n<p>Por la ma\u00f1ana, mujeres y organizaciones mexicanas ind\u00edgenas y de la sociedad civil manifestaron como un triunfo parcial la sentencia emitida por el Tribunal Electoral del Estado de Oaxaca (TEEO) para que el partido Morena detalle la forma de selecci\u00f3n del candidato a diputado por el distrito local 25, en la que afirma que Rosa Mar\u00eda Castro Salinas no cumple con los requisitos.<\/p>\n\n\n\n<p>Con esta decisi\u00f3n el TEEO ofrece un reconocimiento expreso a la existencia y a la representaci\u00f3n pol\u00edtica de las mujeres, de los pueblos y comunidades afromexicanas. Pues, Castro Salinas fue la \u00fanica mujer ind\u00edgena afromexicana registrada como aspirante a una candidatura, pero le fue negada.<\/p>\n\n\n\n<p>\u201cSabemos que el camino es sinuoso, pero somos mujeres de lucha que reconocemos que la sentencia abre la posibilidad para que se cumplan las acciones afirmativas para que Rosy Castro pueda ser registrada como candidata\u201d, indic\u00f3 el posicionamiento de las organizaciones.<\/p>\n\n\n\n<p>De lograrse su registro como candidata por el principio de representaci\u00f3n proporcional, los pueblos afromexicanos en Oaxaca tendr\u00edan por primera vez representaci\u00f3n en el Congreso de Oaxaca, a trav\u00e9s de alguien con \u201cautoadescripci\u00f3n calificada, preparaci\u00f3n y lucha social de muchos a\u00f1os a favor de los pueblos y comunidades afro mexicanas\u201d.<\/p>\n\n\n\n<p>Las mujeres en lucha por Castro Salinas reconocieron que, si bien la sentencia del Tribunal Electoral de Oaxaca no orden\u00f3 de plano que sea registrada, los magistrados resolvieron a favor de los derechos pol\u00edticos electorales de la agraviada.<\/p>\n\n\n\n<p>Por lo que tambi\u00e9n consideraron como un avance que el TEEO haya vinculado al Instituto Estatal Electoral y de Participaci\u00f3n Ciudadana de Oaxaca (IEEPCO) a la sentencia,&nbsp; para que como autoridad en materia electoral se asegure de que se cumplan con lo establecido.<\/p>\n","protected":false},"excerpt":{"rendered":"<p>Yuridiana Sosa\/Zona Roja. Oaxaca de Ju\u00e1rez, Oax., 23 de abril de 2021.- \u201cHist\u00f3ricamente, las mujeres&hellip;<\/p>\n","protected":false},"author":2,"featured_media":26363,"comment_status":"closed","ping_status":"open","sticky":false,"template":"","format":"standard","meta":{"_lmt_disableupdate":"","_lmt_disable":"","_jetpack_memberships_contains_paid_content":false,"footnotes":""},"categories":[109,47],"tags":[2600],"class_list":["post-26362","post","type-post","status-publish","format-standard","has-post-thumbnail","hentry","category-minuto-a-minuto","category-zona-gris","tag-rosa-maria-castro-salinas"],"jetpack_featured_media_url":"https:\/\/zonaroja.com.mx\/wp-content\/uploads\/2021\/04\/Conferencia-mujeres-y-Rosa-Maria.jpg","jetpack_sharing_enabled":true,"_links":{"self":[{"href":"https:\/\/zonaroja.com.mx\/index.php?rest_route=\/wp\/v2\/posts\/26362","targetHints":{"allow":["GET"]}}],"collection":[{"href":"https:\/\/zonaroja.com.mx\/index.php?rest_route=\/wp\/v2\/posts"}],"about":[{"href":"https:\/\/zonaroja.com.mx\/index.php?rest_route=\/wp\/v2\/types\/post"}],"author":[{"embeddable":true,"href":"https:\/\/zonaroja.com.mx\/index.php?rest_route=\/wp\/v2\/users\/2"}],"replies":[{"embeddable":true,"href":"https:\/\/zonaroja.com.mx\/index.php?rest_route=%2Fwp%2Fv2%2Fcomments&post=26362"}],"version-history":[{"count":1,"href":"https:\/\/zonaroja.com.mx\/index.php?rest_route=\/wp\/v2\/posts\/26362\/revisions"}],"predecessor-version":[{"id":26364,"href":"https:\/\/zonaroja.com.mx\/index.php?rest_route=\/wp\/v2\/posts\/26362\/revisions\/26364"}],"wp:featuredmedia":[{"embeddable":true,"href":"https:\/\/zonaroja.com.mx\/index.php?rest_route=\/wp\/v2\/media\/26363"}],"wp:attachment":[{"href":"https:\/\/zonaroja.com.mx\/index.php?rest_route=%2Fwp%2Fv2%2Fmedia&parent=26362"}],"wp:term":[{"taxonomy":"category","embeddable":true,"href":"https:\/\/zonaroja.com.mx\/index.php?rest_route=%2Fwp%2Fv2%2Fcategories&post=26362"},{"taxonomy":"post_tag","embeddable":true,"href":"https:\/\/zonaroja.com.mx\/index.php?rest_route=%2Fwp%2Fv2%2Ftags&post=26362"}],"curies":[{"name":"wp","href":"https:\/\/api.w.org\/{rel}","templated":true}]}}