{"id":26365,"date":"2021-04-23T22:02:47","date_gmt":"2021-04-24T03:02:47","guid":{"rendered":"http:\/\/www.zonaroja.com.mx\/?p=26365"},"modified":"2021-04-23T22:04:47","modified_gmt":"2021-04-24T03:04:47","slug":"agobiado-segego-por-protestas-cierra-semana-con-mas-bloqueos","status":"publish","type":"post","link":"https:\/\/zonaroja.com.mx\/?p=26365","title":{"rendered":"Agobiado Segego por protestas; cierra semana con m\u00e1s bloqueos"},"content":{"rendered":"\n<p>Yuridiana Sosa\/Zona Roja. Foto: Cortes\u00eda<\/p>\n\n\n\n<p>Oaxaca de Ju\u00e1rez, Oax., 23 de abril de 2021.- De lunes a viernes se registraron, en Oaxaca no cesaron las protestas ni bloqueos carreteros, ante la desatenci\u00f3n por parte de la Secretar\u00eda General de Gobierno de Oaxaca (Segego). Este viernes hubo manifestaciones en la Costa, Istmo y Valles Centrales.<\/p>\n\n\n\n<p>Para visibilizar su demanda, un grupo de habitantes de Santa Mar\u00eda Colotepec se manifest\u00f3 en Puerto Escondido, en la colindancia con San Pedro Mixtepec, para exigir respeto en sus l\u00edmites territoriales.<\/p>\n\n\n\n<p>Los pobladores exigieron la intervenci\u00f3n del gobierno federal ante la omisi\u00f3n de la Segego para solucionar el conflicto denunciado por la supuesta invasi\u00f3n de tierras por parte de sus vecinos de Mixtepec.<\/p>\n\n\n\n<p>De no atenderse de forma oportuna, el problema podr\u00eda derivar en un conflicto mayor entre las comunidades.<\/p>\n\n\n\n<p>Los habitantes de Santa Mar\u00eda Colotepec bloquearon la avenida Oaxaca en Puerto Escondido. \u201cRespeto a los l\u00edmites territoriales\u201d, destacaron en la manta.<\/p>\n\n\n\n<figure class=\"wp-block-image size-large\"><img decoding=\"async\" width=\"680\" height=\"383\" src=\"http:\/\/www.zonaroja.com.mx\/wp-content\/uploads\/2021\/04\/Bloqueo-Istmo.jpg\" alt=\"\" class=\"wp-image-26367\" srcset=\"https:\/\/zonaroja.com.mx\/wp-content\/uploads\/2021\/04\/Bloqueo-Istmo.jpg 680w, https:\/\/zonaroja.com.mx\/wp-content\/uploads\/2021\/04\/Bloqueo-Istmo-300x169.jpg 300w, https:\/\/zonaroja.com.mx\/wp-content\/uploads\/2021\/04\/Bloqueo-Istmo-585x329.jpg 585w\" sizes=\"(max-width: 680px) 100vw, 680px\" \/><\/figure>\n\n\n\n<p>BLOQUEOS EN ISTMO<\/p>\n\n\n\n<p>Por otra parte, habitantes del barrio Santa Cruz Tagolaba de Santo Domingo Tehuantepec, en la regi\u00f3n del Istmo, se manifestaron con bloqueos para exigir atenci\u00f3n del gobierno estatal y federal por el intento de despojo de sus tierras.<\/p>\n\n\n\n<p>Los comuneros cerraron el paso en el punto conocido como \u201cEl Caracol\u201d de la carretera federal 190, en el tramo Jalapa del Marqu\u00e9s\u2013Tehuantepec, impidiendo el paso a la capital del estado.<\/p>\n\n\n\n<p>As\u00ed tambi\u00e9n bloquearon la supercarretera Salina Cruz &#8211; La Ventosa, en inmediaciones de \u201cEl Caracol\u201d de Tehuantepec. Los cuales advirtieron que se mantendr\u00e1n de forma indefinida.<\/p>\n\n\n\n<p>TAMBI\u00c9N EN CIUDAD JUDICIAL<\/p>\n\n\n\n<p>Mientras tanto, familiares de personas detenidas por homicidio y agresiones armadas en Eloxochixtl\u00e1n de Flores Mag\u00f3n bloquearon acceso en Ciudad Judicial, en Reyes Mantec\u00f3n de San Bartolo Coyotepec, para exigir la pronta liberaci\u00f3n de los varones.<\/p>\n\n\n\n<p>Indicaron que se trata de \u201cpresos pol\u00edticos\u201d y la autoridad en Oaxaca se ha negado a liberarlos, a pesar de contar con resoluciones que indican su liberaci\u00f3n por violaciones a los debidos procesos judiciales.<\/p>\n\n\n\n<figure class=\"wp-block-embed-twitter wp-block-embed is-type-rich is-provider-twitter\"><div class=\"wp-block-embed__wrapper\">\n<div class=\"twitter-tweet\"><blockquote class=\"twitter-tweet\" data-lang=\"es\"><p lang=\"es\" dir=\"ltr\"><a href=\"https:\/\/twitter.com\/hashtag\/%C3%9AltimoMinuto?src=hash&amp;ref_src=twsrc%5Etfw\">#\u00daltimoMinuto<\/a> <br>Estudiantes <a href=\"https:\/\/twitter.com\/hashtag\/normalistas?src=hash&amp;ref_src=twsrc%5Etfw\">#normalistas<\/a> vuelven a las andanadas este viernes y ahora bloquean la <a href=\"https:\/\/twitter.com\/hashtag\/caseta?src=hash&amp;ref_src=twsrc%5Etfw\">#caseta<\/a> de peaje Huitzo, de la supercarretera <a href=\"https:\/\/twitter.com\/hashtag\/Oaxaca?src=hash&amp;ref_src=twsrc%5Etfw\">#Oaxaca<\/a>-Cuacnopalan, adem\u00e1s de exigir cuotas propias. <a href=\"https:\/\/t.co\/ywySI7aZp7\">pic.twitter.com\/ywySI7aZp7<\/a><\/p>&mdash; Zona Roja Oaxaca (@Zona_Roja_Oax) <a href=\"https:\/\/twitter.com\/Zona_Roja_Oax\/status\/1385583711786209284?ref_src=twsrc%5Etfw\">23 de abril de 2021<\/a><\/blockquote><\/div>\n<\/div><\/figure>\n\n\n\n<p>Mientras que estudiantes normalistas nuevamente causaron afectaciones con sus manifestaciones.<\/p>\n\n\n\n<p>Desde temprana hora se movilizaron, primero se apoderaron de autobuses urbanos para ser trasladados a la caseta de Huizto, en la supercarretera que conecta a Oaxaca con M\u00e9xico.<\/p>\n\n\n\n<p>Durante su estancia, que se prolong\u00f3 hasta la noche, los j\u00f3venes demandaron cuotas a los automovilistas para su paso. Esta acci\u00f3n fue permitida a pesar que el gobierno federal anunci\u00f3 que no se permitir\u00edan m\u00e1s este tipo de manifestaciones.<\/p>\n\n\n\n<p>Hasta el momento, la Secretar\u00eda General de Gobierno no ha emitido ninguna informaci\u00f3n respecto a las protestas.<\/p>\n","protected":false},"excerpt":{"rendered":"<p>Yuridiana Sosa\/Zona Roja. Foto: Cortes\u00eda Oaxaca de Ju\u00e1rez, Oax., 23 de abril de 2021.- De&hellip;<\/p>\n","protected":false},"author":2,"featured_media":26366,"comment_status":"closed","ping_status":"open","sticky":false,"template":"","format":"standard","meta":{"_lmt_disableupdate":"","_lmt_disable":"","_jetpack_memberships_contains_paid_content":false,"footnotes":""},"categories":[109,47],"tags":[2264],"class_list":["post-26365","post","type-post","status-publish","format-standard","has-post-thumbnail","hentry","category-minuto-a-minuto","category-zona-gris","tag-bloqueos-y-protestas-oaxaca"],"jetpack_featured_media_url":"https:\/\/zonaroja.com.mx\/wp-content\/uploads\/2021\/04\/Bloqueo-Santa-Maria-Colotepec.jpg","jetpack_sharing_enabled":true,"_links":{"self":[{"href":"https:\/\/zonaroja.com.mx\/index.php?rest_route=\/wp\/v2\/posts\/26365","targetHints":{"allow":["GET"]}}],"collection":[{"href":"https:\/\/zonaroja.com.mx\/index.php?rest_route=\/wp\/v2\/posts"}],"about":[{"href":"https:\/\/zonaroja.com.mx\/index.php?rest_route=\/wp\/v2\/types\/post"}],"author":[{"embeddable":true,"href":"https:\/\/zonaroja.com.mx\/index.php?rest_route=\/wp\/v2\/users\/2"}],"replies":[{"embeddable":true,"href":"https:\/\/zonaroja.com.mx\/index.php?rest_route=%2Fwp%2Fv2%2Fcomments&post=26365"}],"version-history":[{"count":2,"href":"https:\/\/zonaroja.com.mx\/index.php?rest_route=\/wp\/v2\/posts\/26365\/revisions"}],"predecessor-version":[{"id":26370,"href":"https:\/\/zonaroja.com.mx\/index.php?rest_route=\/wp\/v2\/posts\/26365\/revisions\/26370"}],"wp:featuredmedia":[{"embeddable":true,"href":"https:\/\/zonaroja.com.mx\/index.php?rest_route=\/wp\/v2\/media\/26366"}],"wp:attachment":[{"href":"https:\/\/zonaroja.com.mx\/index.php?rest_route=%2Fwp%2Fv2%2Fmedia&parent=26365"}],"wp:term":[{"taxonomy":"category","embeddable":true,"href":"https:\/\/zonaroja.com.mx\/index.php?rest_route=%2Fwp%2Fv2%2Fcategories&post=26365"},{"taxonomy":"post_tag","embeddable":true,"href":"https:\/\/zonaroja.com.mx\/index.php?rest_route=%2Fwp%2Fv2%2Ftags&post=26365"}],"curies":[{"name":"wp","href":"https:\/\/api.w.org\/{rel}","templated":true}]}}