{"id":26371,"date":"2021-04-23T22:07:32","date_gmt":"2021-04-24T03:07:32","guid":{"rendered":"http:\/\/www.zonaroja.com.mx\/?p=26371"},"modified":"2021-04-23T22:07:41","modified_gmt":"2021-04-24T03:07:41","slug":"con-un-promedio-diario-de-100-contagiados-oaxaca-regresa-a-semaforo-amarillo","status":"publish","type":"post","link":"https:\/\/zonaroja.com.mx\/?p=26371","title":{"rendered":"Con un promedio diario de 100 contagiados, Oaxaca regresa a sem\u00e1foro amarillo"},"content":{"rendered":"\n<p>Redacci\u00f3n\/Zona Roja.<\/p>\n\n\n\n<p>Oaxaca de Ju\u00e1rez, Oax., 23 de abril de 2021.- Con un promedio diario de 100 contagios y una decena de muertes por Covid en las dos \u00faltimas semanas, el estado de Oaxaca regresar\u00e1 a partir del pr\u00f3ximo lunes al sem\u00e1foro epidemiol\u00f3gico amarillo.<\/p>\n\n\n\n<p>De acuerdo con la Secretar\u00eda de Salud federal, en la Rep\u00fablica Mexicana, del 26 de abril al 9 de mayo, seis estados se ubicar\u00e1n en naranja, 20 estados en amarillo y seis estados en verde.<\/p>\n\n\n\n<p>Por su parte, en un comunicado, la dependencia Servicios de Salud de Oaxaca (SSO) report\u00f3 al corte de este viernes 23 de abril, 47 casos nuevos Covid y nueve defunciones, sumando 45 mil 580 casos acumulados y tres mil 427 muertes derivadas del coronavirus.<\/p>\n\n\n\n<p>Expuso que se han notificado 73 mil 689 casos, de los cuales 23 mil 589 han sido negativos, hay cuatro mil 520 sospechosos, 41 mil 788 se han recuperado y 365 casos est\u00e1n activos.<\/p>\n\n\n\n<figure class=\"wp-block-embed-twitter wp-block-embed is-type-rich is-provider-twitter\"><div class=\"wp-block-embed__wrapper\">\n<div class=\"twitter-tweet\"><blockquote class=\"twitter-tweet\" data-lang=\"es\"><p lang=\"es\" dir=\"ltr\"><a href=\"https:\/\/twitter.com\/hashtag\/%C3%9AltimoMinuto?src=hash&amp;ref_src=twsrc%5Etfw\">#\u00daltimoMinuto<\/a><br>Con respecto a <a href=\"https:\/\/twitter.com\/hashtag\/Oaxaca?src=hash&amp;ref_src=twsrc%5Etfw\">#Oaxaca<\/a>, los Servicios de Salud reportaron nueve muertes por Covid-19, con lo que los decesos aumentan a tres mil 427.<br>Asimismo, 47 casos positivos, con lo que el n\u00famero de casos acumulados llega a los 45 mil 580.<a href=\"https:\/\/twitter.com\/hashtag\/Qu%C3%A9dateEnCasa?src=hash&amp;ref_src=twsrc%5Etfw\">#Qu\u00e9dateEnCasa<\/a> <a href=\"https:\/\/t.co\/8LBVqT0BnS\">pic.twitter.com\/8LBVqT0BnS<\/a><\/p>&mdash; Zona Roja Oaxaca (@Zona_Roja_Oax) <a href=\"https:\/\/twitter.com\/Zona_Roja_Oax\/status\/1385764025275981825?ref_src=twsrc%5Etfw\">24 de abril de 2021<\/a><\/blockquote><\/div>\n<\/div><\/figure>\n\n\n\n<p>Mencion\u00f3 que la Jurisdicci\u00f3n Sanitaria n\u00famero uno Valles Centrales registra 31 mil 139 casos confirmados y mil 812 defunciones, el Istmo tres mil 771 y 553 fallecimientos, Tuxtepec dos mil 882 y 344 muertes, Costa dos mil 281 y 237 decesos, Mixteca tres mil 907 y 332 p\u00e9rdidas fatales y la Sierra mil 600 y 149 defunciones.<\/p>\n\n\n\n<p>Los 47 casos nuevos se distribuyen en 27 municipios, siendo el de Oaxaca de Ju\u00e1rez con 11 casos, Santa Cruz Xoxocotl\u00e1n y Tlaxiaco cuatro cada uno, Santa Mar\u00eda Atzompa tres; el resto dos y un caso.<\/p>\n\n\n\n<p>Con relaci\u00f3n a la ocupaci\u00f3n hospitalaria, hay 130 camas ocupadas de un total de 597 y disponibles 467 camas, lo que representa un 21.8% de ocupaci\u00f3n global; hay 16 nuevos hospitalizados y cuatro hospital es se encuentran al 100%.<\/p>\n","protected":false},"excerpt":{"rendered":"<p>Redacci\u00f3n\/Zona Roja. Oaxaca de Ju\u00e1rez, Oax., 23 de abril de 2021.- Con un promedio diario&hellip;<\/p>\n","protected":false},"author":2,"featured_media":26372,"comment_status":"closed","ping_status":"open","sticky":false,"template":"","format":"standard","meta":{"_lmt_disableupdate":"","_lmt_disable":"","_jetpack_memberships_contains_paid_content":false,"footnotes":""},"categories":[109,47],"tags":[1512],"class_list":["post-26371","post","type-post","status-publish","format-standard","has-post-thumbnail","hentry","category-minuto-a-minuto","category-zona-gris","tag-coronavirus-oaxaca"],"jetpack_featured_media_url":"https:\/\/zonaroja.com.mx\/wp-content\/uploads\/2021\/04\/SSO-1-1-2.jpeg","jetpack_sharing_enabled":true,"_links":{"self":[{"href":"https:\/\/zonaroja.com.mx\/index.php?rest_route=\/wp\/v2\/posts\/26371","targetHints":{"allow":["GET"]}}],"collection":[{"href":"https:\/\/zonaroja.com.mx\/index.php?rest_route=\/wp\/v2\/posts"}],"about":[{"href":"https:\/\/zonaroja.com.mx\/index.php?rest_route=\/wp\/v2\/types\/post"}],"author":[{"embeddable":true,"href":"https:\/\/zonaroja.com.mx\/index.php?rest_route=\/wp\/v2\/users\/2"}],"replies":[{"embeddable":true,"href":"https:\/\/zonaroja.com.mx\/index.php?rest_route=%2Fwp%2Fv2%2Fcomments&post=26371"}],"version-history":[{"count":1,"href":"https:\/\/zonaroja.com.mx\/index.php?rest_route=\/wp\/v2\/posts\/26371\/revisions"}],"predecessor-version":[{"id":26373,"href":"https:\/\/zonaroja.com.mx\/index.php?rest_route=\/wp\/v2\/posts\/26371\/revisions\/26373"}],"wp:featuredmedia":[{"embeddable":true,"href":"https:\/\/zonaroja.com.mx\/index.php?rest_route=\/wp\/v2\/media\/26372"}],"wp:attachment":[{"href":"https:\/\/zonaroja.com.mx\/index.php?rest_route=%2Fwp%2Fv2%2Fmedia&parent=26371"}],"wp:term":[{"taxonomy":"category","embeddable":true,"href":"https:\/\/zonaroja.com.mx\/index.php?rest_route=%2Fwp%2Fv2%2Fcategories&post=26371"},{"taxonomy":"post_tag","embeddable":true,"href":"https:\/\/zonaroja.com.mx\/index.php?rest_route=%2Fwp%2Fv2%2Ftags&post=26371"}],"curies":[{"name":"wp","href":"https:\/\/api.w.org\/{rel}","templated":true}]}}