{"id":26374,"date":"2021-04-23T22:09:09","date_gmt":"2021-04-24T03:09:09","guid":{"rendered":"http:\/\/www.zonaroja.com.mx\/?p=26374"},"modified":"2021-04-23T22:09:13","modified_gmt":"2021-04-24T03:09:13","slug":"celebra-diputado-entrada-en-vigor-de-acuerdo-internacional-sobre-medio-ambiente","status":"publish","type":"post","link":"https:\/\/zonaroja.com.mx\/?p=26374","title":{"rendered":"Celebra diputado entrada en vigor de acuerdo internacional sobre medio ambiente"},"content":{"rendered":"\n<p>Redacci\u00f3n\/Zona Roja.<\/p>\n\n\n\n<p>Oaxaca de Ju\u00e1rez, Oax., 23 de abril de 2021.- El diputado Horacio Sosa celebr\u00f3 la entrada en vigor del Acuerdo Regional sobre el Acceso a la Informaci\u00f3n, la Participaci\u00f3n P\u00fablica y el Acceso a la Justicia en Asuntos Ambientales en Am\u00e9rica Latina y el Caribe, el \u201cAcuerdo de Escaz\u00fa\u201d, al que consider\u00f3 un gran avance para la protecci\u00f3n a la naturaleza y a las personas defensoras de la naturaleza.<\/p>\n\n\n\n<p>Expuso que el de Escaz\u00fa es el primer tratado ambiental internacional que contiene disposiciones espec\u00edficas para la promoci\u00f3n y protecci\u00f3n de las personas defensoras del medio ambiente, lo que puede tener un alt\u00edsimo impacto positivo en las comunidades de Oaxaca que se han organizado para la defensa de su tierra, el territorio y los recursos que hay en ellos.<\/p>\n\n\n\n<p>En entrevista, Sosa Villavicencio indic\u00f3 que en Oaxaca, muchas de las personas defensoras de la tierra el territorio y el medio ambiente se enfrentan a actos de hostigamiento, amenazas, criminalizaci\u00f3n, estigmatizaci\u00f3n, ataques contra su vida e integridad personal y las de sus familias, a pesar de que sus actividades son decisivas para el futuro del planeta y de la humanidad.<\/p>\n\n\n\n<p>Mencion\u00f3 como ejemplo la labor de las y los defensores de la comunidad del Paso de la Reyna, en Santiago Jamiltepec, en la regi\u00f3n de la Costa, para evitar primero la privatizaci\u00f3n del agua y posteriormente proyectos hidroel\u00e9ctricos que intentaron imponerse en la zona, por lo que en tres meses fueron asesinadas cinco personas activistas del Consejo de Pueblos Unidos por la Defensa del R\u00edo Verde (Copudever).<\/p>\n\n\n\n<p>En este sentido, reconoci\u00f3 la labor de las y los habitantes de los pueblos y comunidades ind\u00edgenas, quienes a pesar de las agresiones de las que en muchas ocasiones son v\u00edctimas, son los principales protectores del medio ambiente y de los recursos naturales, que benefician a toda la humanidad.<\/p>\n\n\n\n<p>Se\u00f1al\u00f3 que, en la entidad, tan solo durante el periodo de enero a octubre de 2017, se tienen documentados 113 agravios contra 101 personas defensoras de derechos humanos; 62 de estos ataques, fueron contra defensoras y defensores participantes en organizaciones ind\u00edgenas.<\/p>\n\n\n\n<p>Mientras que de acuerdo con el Informe del Centro Mexicano de Derecho Ambiental A.C. (CEMDA) en 2020, se registraron 90 agresiones perpetradas a defensores ambientales en 65 ataques distintos, superando el n\u00famero de agresiones registrado en los 3 a\u00f1os previos. Durante el 2019 se registraron 39 agresiones; en el a\u00f1o 2018, 49; y en el 2017 un total de 53 agresiones.<\/p>\n\n\n\n<p>Cabe hacer menci\u00f3n que el pasado siete de agosto de 2019, el diputado Horacio Sosa Villavicencio, se pronunci\u00f3 mediante un punto de acuerdo presentado al Pleno Legislativo Local, solicitando al Senado de la Rep\u00fablica, la ratificaci\u00f3n del \u201cAcuerdo de Escaz\u00fa\u201d.<\/p>\n","protected":false},"excerpt":{"rendered":"<p>Redacci\u00f3n\/Zona Roja. Oaxaca de Ju\u00e1rez, Oax., 23 de abril de 2021.- El diputado Horacio Sosa&hellip;<\/p>\n","protected":false},"author":2,"featured_media":26375,"comment_status":"closed","ping_status":"open","sticky":false,"template":"","format":"standard","meta":{"_lmt_disableupdate":"","_lmt_disable":"","_jetpack_memberships_contains_paid_content":false,"footnotes":""},"categories":[109,46],"tags":[444],"class_list":["post-26374","post","type-post","status-publish","format-standard","has-post-thumbnail","hentry","category-minuto-a-minuto","category-zona-blanca","tag-horacio-sosa-villavicencio"],"jetpack_featured_media_url":"https:\/\/zonaroja.com.mx\/wp-content\/uploads\/2021\/04\/Horacio-Sosa.jpg","jetpack_sharing_enabled":true,"_links":{"self":[{"href":"https:\/\/zonaroja.com.mx\/index.php?rest_route=\/wp\/v2\/posts\/26374","targetHints":{"allow":["GET"]}}],"collection":[{"href":"https:\/\/zonaroja.com.mx\/index.php?rest_route=\/wp\/v2\/posts"}],"about":[{"href":"https:\/\/zonaroja.com.mx\/index.php?rest_route=\/wp\/v2\/types\/post"}],"author":[{"embeddable":true,"href":"https:\/\/zonaroja.com.mx\/index.php?rest_route=\/wp\/v2\/users\/2"}],"replies":[{"embeddable":true,"href":"https:\/\/zonaroja.com.mx\/index.php?rest_route=%2Fwp%2Fv2%2Fcomments&post=26374"}],"version-history":[{"count":1,"href":"https:\/\/zonaroja.com.mx\/index.php?rest_route=\/wp\/v2\/posts\/26374\/revisions"}],"predecessor-version":[{"id":26376,"href":"https:\/\/zonaroja.com.mx\/index.php?rest_route=\/wp\/v2\/posts\/26374\/revisions\/26376"}],"wp:featuredmedia":[{"embeddable":true,"href":"https:\/\/zonaroja.com.mx\/index.php?rest_route=\/wp\/v2\/media\/26375"}],"wp:attachment":[{"href":"https:\/\/zonaroja.com.mx\/index.php?rest_route=%2Fwp%2Fv2%2Fmedia&parent=26374"}],"wp:term":[{"taxonomy":"category","embeddable":true,"href":"https:\/\/zonaroja.com.mx\/index.php?rest_route=%2Fwp%2Fv2%2Fcategories&post=26374"},{"taxonomy":"post_tag","embeddable":true,"href":"https:\/\/zonaroja.com.mx\/index.php?rest_route=%2Fwp%2Fv2%2Ftags&post=26374"}],"curies":[{"name":"wp","href":"https:\/\/api.w.org\/{rel}","templated":true}]}}