{"id":26378,"date":"2021-04-24T07:05:18","date_gmt":"2021-04-24T12:05:18","guid":{"rendered":"http:\/\/www.zonaroja.com.mx\/?p=26378"},"modified":"2021-04-24T07:05:21","modified_gmt":"2021-04-24T12:05:21","slug":"consuman-diputados-violacion-a-constitucion-scjn-decidira-zaldivar","status":"publish","type":"post","link":"https:\/\/zonaroja.com.mx\/?p=26378","title":{"rendered":"Consuman diputados violaci\u00f3n a Constituci\u00f3n; SCJN decidir\u00e1: Zald\u00edvar"},"content":{"rendered":"\n<p>Redacci\u00f3n\/Zona Roja Cdmx.<\/p>\n\n\n\n<p>Ciudad de M\u00e9xico, 24 de abril de 2021.- Despu\u00e9s de una sesi\u00f3n de casi 24 horas, la C\u00e1mara de Diputados aprob\u00f3 en lo particular el dictamen por el cual se prorroga el cargo del presidente de la Suprema Corte de Justicia de la Naci\u00f3n, Arturo Zald\u00edvar.<\/p>\n\n\n\n<p>Sin hacer ning\u00fan cambio al dictamen, con 262 votos a favor, 182 en contra y siete abstenciones, la propuesta fue enviada al titular del Poder Ejecutivo federal para su publicaci\u00f3n.<\/p>\n\n\n\n<p>La reforma al Poder Judicial fue discutida por 10 horas y media en el pleno de San L\u00e1zaro, desde las 23 horas del jueves hasta ser aprobada a las 09:30 horas del viernes. Se presentaron 553 reservas, pero no se acept\u00f3 ninguna; se aval\u00f3 tal como la recibieron del Senado.<\/p>\n\n\n\n<p>Fue rechazada por el PAN, PRI, PRD, MC, e incluso por el PES \u2013aliado de la 4T\u2013 y por algunos morenistas, porque no lograron convencer a Morena de retirar el Art\u00edculo 13 Transitorio.<\/p>\n\n\n\n<p>En un comunicado emitido horas despu\u00e9s de la votaci\u00f3n, el presidente de la Corte, Arturo Zald\u00edvar, dijo que tomar\u00e1 una decisi\u00f3n sobre el tema una vez que<\/p>\n\n\n\n<p>el m\u00e1ximo tribunal resuelva sobre su constitucionalidad, para lo cual podr\u00edan<\/p>\n\n\n\n<p>pasar varios meses<\/p>\n\n\n\n<p>Dej\u00f3 en manos de la Suprema Corte de Justicia de la Naci\u00f3n (SCJN) la decisi\u00f3n de avalar o no que su periodo en la presidencia de ese m\u00e1ximo \u00f3rgano judicial sea ampliado dos a\u00f1os, hasta el 30 de noviembre de 2024, como lo aprob\u00f3 el Congreso de la Uni\u00f3n.<\/p>\n\n\n\n<p>La extensi\u00f3n de la presidencia de Zald\u00edvar qued\u00f3 establecida en el Art\u00edculo 13 Transitorio de la reforma al Poder Judicial de la Federaci\u00f3n (PJF) que aprob\u00f3 ayer la C\u00e1mara de Diputados, aval que consum\u00f3 su paso por el Congreso.<\/p>\n\n\n\n<p>Ante la pol\u00e9mica que gener\u00f3 entre legisladores y juristas que advirtieron que es inconstitucional, el ministro contest\u00f3 que esperar\u00e1 a que la Corte se pronuncie si el art\u00edculo es impugnado.<\/p>\n\n\n\n<p>\u201cEstar\u00e9 atento, primero, a su publicaci\u00f3n y despu\u00e9s a cualquier acci\u00f3n legal que se llegara a presentar ante la SCJN, \u00f3rgano que, en su caso, deber\u00e1 analizar y resolver cualquier cuesti\u00f3n de constitucionalidad. Ejercer\u00e9 el cargo de presidente de la SCJN y del CJE por el periodo para el cual fui electo por mis pares y estar\u00e9 a la determinaci\u00f3n de la SCJN respecto del precepto en cuesti\u00f3n\u201d, expres\u00f3 en un comunicado.<\/p>\n\n\n\n<p>Zald\u00edvar tambi\u00e9n se deslind\u00f3 de participar en la elaboraci\u00f3n del transitorio, el cual se introdujo desde el Senado, y aclar\u00f3 que si no se hab\u00eda pronunciado fue \u201cpor respeto al procedimiento legislativo\u201d.<\/p>\n\n\n\n<p>El diputado Pofirio Mu\u00f1oz Ledo, quien desde hace un a\u00f1o no participaba f\u00edsicamente en la tribuna por la pandemia del COVID-19, lleg\u00f3 al Sal\u00f3n de Plenos para advertir que el transitorio es inconstitucional porque la Carta Magna establece que la presidencia debe durar cuatro a\u00f1os \u201cy alargar el periodo es un supuesto no contemplado por la Constituci\u00f3n y es una reelecci\u00f3n disfrazada\u201d.<\/p>\n\n\n\n<p>En respuesta, el coordinador de Morena, Ignacio Mier, advirti\u00f3 que en la 4T van \u201ca actuar en funci\u00f3n de lo justo y de lo necesario\u201d, aunque sea por encima del derecho.<\/p>\n\n\n\n<p>\u201cEntre derecho y justicia, un transformador, un liberador, un revolucionario opta por la justicia\u201d, dijo el l\u00edder de bancada de Morena.<\/p>\n\n\n\n<p>(Informaci\u00f3n de agencias y \u201cEl Heraldo\u201d)<\/p>\n","protected":false},"excerpt":{"rendered":"<p>Redacci\u00f3n\/Zona Roja Cdmx. Ciudad de M\u00e9xico, 24 de abril de 2021.- Despu\u00e9s de una sesi\u00f3n&hellip;<\/p>\n","protected":false},"author":2,"featured_media":26379,"comment_status":"closed","ping_status":"open","sticky":false,"template":"","format":"standard","meta":{"_lmt_disableupdate":"","_lmt_disable":"","_jetpack_memberships_contains_paid_content":false,"footnotes":""},"categories":[109,47],"tags":[2620,811],"class_list":["post-26378","post","type-post","status-publish","format-standard","has-post-thumbnail","hentry","category-minuto-a-minuto","category-zona-gris","tag-arturo-zaldivar","tag-suprema-corte-de-justicia-de-la-nacion"],"jetpack_featured_media_url":"https:\/\/zonaroja.com.mx\/wp-content\/uploads\/2021\/04\/Camara-de-diputados-ley-poder-judicial.jpg","jetpack_sharing_enabled":true,"_links":{"self":[{"href":"https:\/\/zonaroja.com.mx\/index.php?rest_route=\/wp\/v2\/posts\/26378","targetHints":{"allow":["GET"]}}],"collection":[{"href":"https:\/\/zonaroja.com.mx\/index.php?rest_route=\/wp\/v2\/posts"}],"about":[{"href":"https:\/\/zonaroja.com.mx\/index.php?rest_route=\/wp\/v2\/types\/post"}],"author":[{"embeddable":true,"href":"https:\/\/zonaroja.com.mx\/index.php?rest_route=\/wp\/v2\/users\/2"}],"replies":[{"embeddable":true,"href":"https:\/\/zonaroja.com.mx\/index.php?rest_route=%2Fwp%2Fv2%2Fcomments&post=26378"}],"version-history":[{"count":1,"href":"https:\/\/zonaroja.com.mx\/index.php?rest_route=\/wp\/v2\/posts\/26378\/revisions"}],"predecessor-version":[{"id":26380,"href":"https:\/\/zonaroja.com.mx\/index.php?rest_route=\/wp\/v2\/posts\/26378\/revisions\/26380"}],"wp:featuredmedia":[{"embeddable":true,"href":"https:\/\/zonaroja.com.mx\/index.php?rest_route=\/wp\/v2\/media\/26379"}],"wp:attachment":[{"href":"https:\/\/zonaroja.com.mx\/index.php?rest_route=%2Fwp%2Fv2%2Fmedia&parent=26378"}],"wp:term":[{"taxonomy":"category","embeddable":true,"href":"https:\/\/zonaroja.com.mx\/index.php?rest_route=%2Fwp%2Fv2%2Fcategories&post=26378"},{"taxonomy":"post_tag","embeddable":true,"href":"https:\/\/zonaroja.com.mx\/index.php?rest_route=%2Fwp%2Fv2%2Ftags&post=26378"}],"curies":[{"name":"wp","href":"https:\/\/api.w.org\/{rel}","templated":true}]}}