{"id":26381,"date":"2021-04-24T07:24:01","date_gmt":"2021-04-24T12:24:01","guid":{"rendered":"http:\/\/www.zonaroja.com.mx\/?p=26381"},"modified":"2021-04-24T07:24:05","modified_gmt":"2021-04-24T12:24:05","slug":"alerta-de-violencia-de-genero-deja-desprotegidos-a-ninas-y-adolescentes","status":"publish","type":"post","link":"https:\/\/zonaroja.com.mx\/?p=26381","title":{"rendered":"Alerta de Violencia de G\u00e9nero deja desprotegidos a ni\u00f1as y adolescentes"},"content":{"rendered":"\n<p>Redacci\u00f3n\/Zona Roja.<\/p>\n\n\n\n<p>Oaxaca de Ju\u00e1rez, a 24 de abril del 2021.- En el marco del D\u00eda de la Ni\u00f1a y el Ni\u00f1o, Consorcio Oaxaca denunci\u00f3 el incumplimiento de la&nbsp;Alerta de Violencia de G\u00e9nero contra Mujeres (AVGM) aprobada&nbsp; en 40 municipios de Oaxaca, declarada el 31 de agosto de 2018, desde entonces a la fecha, se han registrado 316 agresiones contra ni\u00f1as y adolescentes en estas localidades.<\/p>\n\n\n\n<p>A tr\u00e1ves del an\u00e1lisis de la Plataforma de Violencia Feminicida en Oaxaca, la organizaci\u00f3n feminista inform\u00f3 que las cifras m\u00e1s altas de violencia en municipios con este decreto son las desapariciones (271 casos) y delitos sexuales (29 casos).<\/p>\n\n\n\n<p>En segundo orden se ubican los feminicidios (seis casos) y la violencia familiar (seis casos), y en tercer lugar los suicidios (4 casos).<\/p>\n\n\n\n<p>Y\u00e9sica S\u00e1nchez Maya, directora de la organizaci\u00f3n, declar\u00f3 que han&nbsp;sido&nbsp;pocos&nbsp;los&nbsp; avances para el cumplimiento de la&nbsp; Alerta en estos municipios.&nbsp;<\/p>\n\n\n\n<p>En el informe \u2018Estatus del Cumplimiento de recomendaciones internacionales en materia de violencia de g\u00e9nero: el caso Oaxaca\u2019 que presentaron ante la CEDAW, documentaron que el gobierno de Oaxaca report\u00f3 s\u00f3lo tres resultados en el cumplimiento de la AVGM:<\/p>\n\n\n\n<p>La instalaci\u00f3n de Consejos para la Prevenci\u00f3n, Atenci\u00f3n, Sanci\u00f3n y Erradicaci\u00f3n de la Violencia en los municipios con AVGM; 2) la realizaci\u00f3n de diversas capacitaciones sobre la AVGM y otras tem\u00e1ticas relacionadas con la violencia contra las mujeres y 3) la implementaci\u00f3n de 13 patrullas policiacas \u201cMujer Segura\u201d.<\/p>\n\n\n\n<p>\u201cAs\u00ed que la implementaci\u00f3n de la AVGM ha dejado en un segundo plano la seguridad, acceso a la justicia y reparaci\u00f3n para las mujeres y las ni\u00f1as en Oaxaca, cuando era fundamental en la l\u00f3gica de actuar ante la urgencia en estos municipios.<\/p>\n\n\n\n<p>\u201cTambi\u00e9n documentamos que la pol\u00edtica p\u00fablica en general es inexistente porque la AVGM&nbsp;s\u00f3lo est\u00e1 dirigida a 40 municipios y Oaxaca tiene 570 \u00bfqu\u00e9 pasa con el resto? \u201d, refiri\u00f3 la defensora de derechos humanos.<\/p>\n\n\n\n<p>Los datos de la Plataforma de Violencia Feminicida en Oaxaca en los que documentan las agresiones contra mujeres,&nbsp;reflejaron que en siete las regiones donde se ubican municipios con AVGM registraron casos de violencia contra ni\u00f1as y adolescentes: Valles Centrales concentra 136 casos; la Costa&nbsp; 47 casos; el Istmo de Tehuantepec registra 46; le sigue Papaloapam con 38; la regi\u00f3n Mixteca 30; Ca\u00f1ada con 10 y Sierra Sur con 9 casos.&nbsp; La Sierra Norte no registra casos desde la declaratoria.<\/p>\n\n\n\n<p>Los siete municipios con AVGM m\u00e1s violentos para ni\u00f1as y adolescentes en todo el estado son: Oaxaca de Ju\u00e1rez, Valles Centrales, con 78 casos; Tlaxiaco, Mixteca, con 24; San Juan Bautista Tuxtepec, Papaloapam, con 22 casos; Salina Cruz, Istmo, con 21 casos; San Pedro Mixtepec, Costa, con 13; Huautla de Jim\u00e9nez,&nbsp; Ca\u00f1ada, con ocho casos.<\/p>\n\n\n\n<p>S\u00e1nchez Maya, se\u00f1al\u00f3 que entre los principales obst\u00e1culos para la implementaci\u00f3n de la AVGM se encuentra la voluntad pol\u00edtica del Gobierno de Alejandro Murat, reflejado en la falta de presupuesto y ausencia de pol\u00edtica p\u00fablica en la materia.<\/p>\n\n\n\n<p>Tambi\u00e9n se\u00f1al\u00f3 la inacci\u00f3n del Sistema Local de Protecci\u00f3n Integral de los Derechos de las Ni\u00f1as, Ni\u00f1os y Adolescentes del Estado Oaxaca para enfrentar la violencia de g\u00e9nero contra las ni\u00f1as y adolescentes.&nbsp;<\/p>\n\n\n\n<p>La defensora de derechos humanos, hizo un llamado a las autoridades municipales para trabajar de manera coordinada con los gobiernos estatal y federal.<\/p>\n\n\n\n<p>\u201cQue se cumpla con la obligaci\u00f3n Estatal de garantizar y proteger la vida y seguridad de las oaxaque\u00f1as, en especial, de ni\u00f1as y adolescentes, que lastimosamente se encuentran enfrentando esta ola de violencia de g\u00e9nero\u201d, finaliz\u00f3.<\/p>\n","protected":false},"excerpt":{"rendered":"<p>Redacci\u00f3n\/Zona Roja. Oaxaca de Ju\u00e1rez, a 24 de abril del 2021.- En el marco del&hellip;<\/p>\n","protected":false},"author":2,"featured_media":26382,"comment_status":"closed","ping_status":"open","sticky":false,"template":"","format":"standard","meta":{"_lmt_disableupdate":"","_lmt_disable":"","_jetpack_memberships_contains_paid_content":false,"footnotes":""},"categories":[109,47],"tags":[548],"class_list":["post-26381","post","type-post","status-publish","format-standard","has-post-thumbnail","hentry","category-minuto-a-minuto","category-zona-gris","tag-consorcio-oaxaca"],"jetpack_featured_media_url":"https:\/\/zonaroja.com.mx\/wp-content\/uploads\/2021\/04\/Violencia-de-genero-ninos.jpg","jetpack_sharing_enabled":true,"_links":{"self":[{"href":"https:\/\/zonaroja.com.mx\/index.php?rest_route=\/wp\/v2\/posts\/26381","targetHints":{"allow":["GET"]}}],"collection":[{"href":"https:\/\/zonaroja.com.mx\/index.php?rest_route=\/wp\/v2\/posts"}],"about":[{"href":"https:\/\/zonaroja.com.mx\/index.php?rest_route=\/wp\/v2\/types\/post"}],"author":[{"embeddable":true,"href":"https:\/\/zonaroja.com.mx\/index.php?rest_route=\/wp\/v2\/users\/2"}],"replies":[{"embeddable":true,"href":"https:\/\/zonaroja.com.mx\/index.php?rest_route=%2Fwp%2Fv2%2Fcomments&post=26381"}],"version-history":[{"count":1,"href":"https:\/\/zonaroja.com.mx\/index.php?rest_route=\/wp\/v2\/posts\/26381\/revisions"}],"predecessor-version":[{"id":26383,"href":"https:\/\/zonaroja.com.mx\/index.php?rest_route=\/wp\/v2\/posts\/26381\/revisions\/26383"}],"wp:featuredmedia":[{"embeddable":true,"href":"https:\/\/zonaroja.com.mx\/index.php?rest_route=\/wp\/v2\/media\/26382"}],"wp:attachment":[{"href":"https:\/\/zonaroja.com.mx\/index.php?rest_route=%2Fwp%2Fv2%2Fmedia&parent=26381"}],"wp:term":[{"taxonomy":"category","embeddable":true,"href":"https:\/\/zonaroja.com.mx\/index.php?rest_route=%2Fwp%2Fv2%2Fcategories&post=26381"},{"taxonomy":"post_tag","embeddable":true,"href":"https:\/\/zonaroja.com.mx\/index.php?rest_route=%2Fwp%2Fv2%2Ftags&post=26381"}],"curies":[{"name":"wp","href":"https:\/\/api.w.org\/{rel}","templated":true}]}}