{"id":26384,"date":"2021-04-24T07:33:14","date_gmt":"2021-04-24T12:33:14","guid":{"rendered":"http:\/\/www.zonaroja.com.mx\/?p=26384"},"modified":"2021-04-24T07:33:24","modified_gmt":"2021-04-24T12:33:24","slug":"con-retraso-e-incompleto-aprueba-ieepco-candidaturas-a-diputaciones-locales","status":"publish","type":"post","link":"https:\/\/zonaroja.com.mx\/?p=26384","title":{"rendered":"Con retraso e incompleto, aprueba IEEPCO candidaturas a diputaciones locales"},"content":{"rendered":"\n<p>Redacci\u00f3n\/Zona Roja.<\/p>\n\n\n\n<p>Oaxaca de Ju\u00e1rez, Oax., 24 de abril de 2021.- Con retrasos por modificaciones de \u00faltima hora e incompleto, el Consejo General del Instituto Estatal Electoral y de Participaci\u00f3n Ciudadana de Oaxaca (IEEPCO) aprob\u00f3 la madrugada de hoy las candidaturas a diputaciones locales.<\/p>\n\n\n\n<p>Qued\u00f3 pendiente la validaci\u00f3n de la lista de 17 candidaturas por representaci\u00f3n proporcional postuladas por el partido Morena, pues ampli\u00f3 el plazo en cumplimiento a la resoluci\u00f3n dictada por el Tribunal Electoral del Estado de Oaxaca, en el expediente n\u00famero JDC\/106\/2021, sobre el caso Rosa Mar\u00eda Castro.<\/p>\n\n\n\n<p>En un comunicado, inform\u00f3 que mediante acuerdos IEEPCO-CG-45\/2021 y IEEPCO-CG-45\/2021, aprob\u00f3 las candidaturas a diputaciones locales postuladas por los partidos pol\u00edticos, la coalici\u00f3n y candidaturas comunes, en el Proceso Electoral Ordinario 2020-2021.<\/p>\n\n\n\n<p>Indic\u00f3 que derivado del an\u00e1lisis de cada uno de los registros de candidaturas presentados, el Consejo General determin\u00f3 que las candidaturas a diputaciones por el Principio de Mayor\u00eda Relativa (MR) y Representaci\u00f3n Proporcional (RP) cumplieron con el principio de paridad de g\u00e9nero.\u00a0<\/p>\n\n\n\n<figure class=\"wp-block-embed-twitter wp-block-embed is-type-rich is-provider-twitter\"><div class=\"wp-block-embed__wrapper\">\n<div class=\"twitter-tweet\"><blockquote class=\"twitter-tweet\" data-lang=\"es\"><p lang=\"es\" dir=\"ltr\">\ud83d\udce1Sesi\u00f3n Extraordinaria del Consejo General. <a href=\"https:\/\/twitter.com\/hashtag\/EleccionesOaxaca2021?src=hash&amp;ref_src=twsrc%5Etfw\">#EleccionesOaxaca2021<\/a> <a href=\"https:\/\/t.co\/1yUCHwt8tt\">https:\/\/t.co\/1yUCHwt8tt<\/a><\/p>&mdash; IEEPCO (@IEEPCO) <a href=\"https:\/\/twitter.com\/IEEPCO\/status\/1385832790747271169?ref_src=twsrc%5Etfw\">24 de abril de 2021<\/a><\/blockquote><\/div>\n<\/div><\/figure>\n\n\n\n<p>Se\u00f1al\u00f3 que, de las 758 candidaturas registradas, 490 por el principio de mayor\u00eda y 268 por representaci\u00f3n proporcional, 427 son mujeres, 307 hombres y 24 pertenecen a personas de la comunidad LGBTTIQ +.&nbsp;<\/p>\n\n\n\n<p>Destac\u00f3 que los partidos pol\u00edticos, la coalici\u00f3n y las candidaturas comunes cumplieron con la postulaci\u00f3n de f\u00f3rmulas de candidaturas a diputaciones al Congreso del Estado, conformadas con personas ind\u00edgenas y\/o afromexicanos, con discapacidad, mayores de 60 a\u00f1os y j\u00f3venes.<\/p>\n\n\n\n<p>Del total de las candidaturas registradas, 127 son personas ind\u00edgenas, seis personas afromexicanas, 32 j\u00f3venes, 20 personas mayores de 60 a\u00f1os, as\u00ed como 22 personas con alg\u00fan tipo de discapacidad.&nbsp; Con ello, desde el primer minuto de este s\u00e1bado iniciaron las campa\u00f1as electorales.<\/p>\n","protected":false},"excerpt":{"rendered":"<p>Redacci\u00f3n\/Zona Roja. Oaxaca de Ju\u00e1rez, Oax., 24 de abril de 2021.- Con retrasos por modificaciones&hellip;<\/p>\n","protected":false},"author":2,"featured_media":26385,"comment_status":"closed","ping_status":"open","sticky":false,"template":"","format":"standard","meta":{"_lmt_disableupdate":"","_lmt_disable":"","_jetpack_memberships_contains_paid_content":false,"footnotes":""},"categories":[109,47],"tags":[2348],"class_list":["post-26384","post","type-post","status-publish","format-standard","has-post-thumbnail","hentry","category-minuto-a-minuto","category-zona-gris","tag-elecciones-oaxaca-2021"],"jetpack_featured_media_url":"https:\/\/zonaroja.com.mx\/wp-content\/uploads\/2021\/04\/IMAGEN_23-abril.jpg","jetpack_sharing_enabled":true,"_links":{"self":[{"href":"https:\/\/zonaroja.com.mx\/index.php?rest_route=\/wp\/v2\/posts\/26384","targetHints":{"allow":["GET"]}}],"collection":[{"href":"https:\/\/zonaroja.com.mx\/index.php?rest_route=\/wp\/v2\/posts"}],"about":[{"href":"https:\/\/zonaroja.com.mx\/index.php?rest_route=\/wp\/v2\/types\/post"}],"author":[{"embeddable":true,"href":"https:\/\/zonaroja.com.mx\/index.php?rest_route=\/wp\/v2\/users\/2"}],"replies":[{"embeddable":true,"href":"https:\/\/zonaroja.com.mx\/index.php?rest_route=%2Fwp%2Fv2%2Fcomments&post=26384"}],"version-history":[{"count":1,"href":"https:\/\/zonaroja.com.mx\/index.php?rest_route=\/wp\/v2\/posts\/26384\/revisions"}],"predecessor-version":[{"id":26386,"href":"https:\/\/zonaroja.com.mx\/index.php?rest_route=\/wp\/v2\/posts\/26384\/revisions\/26386"}],"wp:featuredmedia":[{"embeddable":true,"href":"https:\/\/zonaroja.com.mx\/index.php?rest_route=\/wp\/v2\/media\/26385"}],"wp:attachment":[{"href":"https:\/\/zonaroja.com.mx\/index.php?rest_route=%2Fwp%2Fv2%2Fmedia&parent=26384"}],"wp:term":[{"taxonomy":"category","embeddable":true,"href":"https:\/\/zonaroja.com.mx\/index.php?rest_route=%2Fwp%2Fv2%2Fcategories&post=26384"},{"taxonomy":"post_tag","embeddable":true,"href":"https:\/\/zonaroja.com.mx\/index.php?rest_route=%2Fwp%2Fv2%2Ftags&post=26384"}],"curies":[{"name":"wp","href":"https:\/\/api.w.org\/{rel}","templated":true}]}}