{"id":2639,"date":"2019-07-30T15:17:41","date_gmt":"2019-07-30T20:17:41","guid":{"rendered":"http:\/\/www.zonaroja.com.mx\/?p=2639"},"modified":"2019-07-30T15:17:43","modified_gmt":"2019-07-30T20:17:43","slug":"ocupa-oaxaca-lugar-13-a-nivel-nacional-en-victimas-de-trata-de-personas","status":"publish","type":"post","link":"https:\/\/zonaroja.com.mx\/?p=2639","title":{"rendered":"Ocupa Oaxaca lugar 13 a nivel nacional en v\u00edctimas de Trata de Personas"},"content":{"rendered":"\n<p>Evlin Arag\u00f3n<\/p>\n\n\n\n<p>Oaxaca de\nJu\u00e1rez, Oax., 30 de julio de 2019.- La entidad oaxaque\u00f1a ocupa el lugar n\u00famero\n13 a nivel nacional por el porcentaje de mujeres v\u00edctimas de los delitos en\nmateria de trata de personas, de acuerdo con el Diagn\u00f3stico sobre la situaci\u00f3n\nde la Trata de Personas en M\u00e9xico 2019 de la Comisi\u00f3n Nacional de Derechos\nHumanos (CNDH), que se present\u00f3 recientemente.<\/p>\n\n\n\n<p>El documento\nque engloba los datos reportados por las autoridades de procuraci\u00f3n de justicia\nde todo el pa\u00eds, durante el periodo del 15 de junio de 2012 al 31 de julio del\n2017, pone de manifiesto que la entidad oaxaque\u00f1a reporta v\u00edctimas en todos los\na\u00f1os registrados, ubic\u00e1ndose en el rango de 100 a 499 v\u00edctimas detectadas por\nla Fiscal\u00eda General del Estado.&nbsp; <\/p>\n\n\n\n<p>Las\nautoridades de procuraci\u00f3n del estado s\u00f3lo reportan 116 averiguaciones previas,\nsiendo el 2013 y 2014 los a\u00f1os con mayor n\u00famero de carpetas de investigaci\u00f3n\npor los delitos en materia de trata de personas, 29 en cada a\u00f1o, mientras que\nen el 2017 s\u00f3lo se reportaron dos.<\/p>\n\n\n\n<p>El informe\npone de manifiesto que 96 personas fueron indiciadas o imputadas en Oaxaca por\nlos delitos en materia de trata de personas, de las cuales 90 por ciento son\nhombres, siendo el 2015 el que registra el mayor n\u00famero de casos con 35 y el\n2017 el menor, con una sola persona indiciada.<\/p>\n\n\n\n<p>A pesar de\nlas cifras en torno a las carpetas de investigaci\u00f3n y las personas indiciadas,\nsolo cuatro sentencias condenatorias se consolidaron en el mismo periodo de\ntiempo, dos de ellas 2012 y dos m\u00e1s en el 2016 de acuerdo a la informaci\u00f3n\nproporcionada por los \u00f3rganos jurisdiccionales en el \u00e1mbito de competencia\nestatales y el federal.<\/p>\n\n\n\n<p>El informe\nestablece que la entidad oaxaque\u00f1a no cuenta con un refugio especializado para\nrecibir a las v\u00edctimas de trata o explotaci\u00f3n sexual, ello pese a que se\nconsidera uno de los delitos que se alimenta de las desigualdades, la inestabilidad\ny los conflictos, con mayores formas de explotaci\u00f3n de mujeres, ni\u00f1as y ni\u00f1os\nprincipalmente.<\/p>\n\n\n\n<p>En M\u00e9xico,\nel delito de trata de personas se encuentra tipificado en la Ley para Prevenir\ny Sancionar la Trata de Personas (2007), y en diversos c\u00f3digos penales y leyes\nespeciales estatales; este martes 30 de julio se conmemora el D\u00eda Mundial\ncontra la Trata.<\/p>\n","protected":false},"excerpt":{"rendered":"<p>Evlin Arag\u00f3n Oaxaca de Ju\u00e1rez, Oax., 30 de julio de 2019.- La entidad oaxaque\u00f1a ocupa&hellip;<\/p>\n","protected":false},"author":2,"featured_media":2640,"comment_status":"closed","ping_status":"open","sticky":false,"template":"","format":"standard","meta":{"_lmt_disableupdate":"","_lmt_disable":"","_jetpack_memberships_contains_paid_content":false,"footnotes":""},"categories":[109,51],"tags":[431],"class_list":["post-2639","post","type-post","status-publish","format-standard","has-post-thumbnail","hentry","category-minuto-a-minuto","category-zona-roja","tag-trata-de-personas-en-oaxaca"],"jetpack_featured_media_url":"https:\/\/zonaroja.com.mx\/wp-content\/uploads\/2019\/07\/IMG_4853.jpg","jetpack_sharing_enabled":true,"_links":{"self":[{"href":"https:\/\/zonaroja.com.mx\/index.php?rest_route=\/wp\/v2\/posts\/2639","targetHints":{"allow":["GET"]}}],"collection":[{"href":"https:\/\/zonaroja.com.mx\/index.php?rest_route=\/wp\/v2\/posts"}],"about":[{"href":"https:\/\/zonaroja.com.mx\/index.php?rest_route=\/wp\/v2\/types\/post"}],"author":[{"embeddable":true,"href":"https:\/\/zonaroja.com.mx\/index.php?rest_route=\/wp\/v2\/users\/2"}],"replies":[{"embeddable":true,"href":"https:\/\/zonaroja.com.mx\/index.php?rest_route=%2Fwp%2Fv2%2Fcomments&post=2639"}],"version-history":[{"count":1,"href":"https:\/\/zonaroja.com.mx\/index.php?rest_route=\/wp\/v2\/posts\/2639\/revisions"}],"predecessor-version":[{"id":2641,"href":"https:\/\/zonaroja.com.mx\/index.php?rest_route=\/wp\/v2\/posts\/2639\/revisions\/2641"}],"wp:featuredmedia":[{"embeddable":true,"href":"https:\/\/zonaroja.com.mx\/index.php?rest_route=\/wp\/v2\/media\/2640"}],"wp:attachment":[{"href":"https:\/\/zonaroja.com.mx\/index.php?rest_route=%2Fwp%2Fv2%2Fmedia&parent=2639"}],"wp:term":[{"taxonomy":"category","embeddable":true,"href":"https:\/\/zonaroja.com.mx\/index.php?rest_route=%2Fwp%2Fv2%2Fcategories&post=2639"},{"taxonomy":"post_tag","embeddable":true,"href":"https:\/\/zonaroja.com.mx\/index.php?rest_route=%2Fwp%2Fv2%2Ftags&post=2639"}],"curies":[{"name":"wp","href":"https:\/\/api.w.org\/{rel}","templated":true}]}}