{"id":26393,"date":"2021-04-24T13:28:53","date_gmt":"2021-04-24T18:28:53","guid":{"rendered":"http:\/\/www.zonaroja.com.mx\/?p=26393"},"modified":"2021-04-24T13:28:58","modified_gmt":"2021-04-24T18:28:58","slug":"masacre-en-la-sierra-sur-de-oaxaca-seis-muertos","status":"publish","type":"post","link":"https:\/\/zonaroja.com.mx\/?p=26393","title":{"rendered":"Masacre en la Sierra Sur de Oaxaca: seis muertos"},"content":{"rendered":"\n<p>Ismael Garc\u00eda M.\/Zona Roja.<\/p>\n\n\n\n<p>Oaxaca de Ju\u00e1rez, Oax., 24 de abril de 2021.- Seis personas fallecidas por disparo de arma de fuego es el saldo del enfrentamiento ocurrido ayer entre dos comunidades de la regi\u00f3n Sierra Sur de Oaxaca.<\/p>\n\n\n\n<p>La Fiscal\u00eda General del Estado confirm\u00f3 a trav\u00e9s de las redes sociales que cuatro cuerpos son de personas originarias de la rancher\u00eda El Guayabo, perteneciente al municipio de Villa Sola de Vega, y dos de Santa Mar\u00eda Sola.<\/p>\n\n\n\n<p>\u201cAnte esta situaci\u00f3n, la Instituci\u00f3n de procuraci\u00f3n de justicia se compromete a investigar exhaustivamente y de forma diligente estos hechos para garantizar el acceso a la justicia de la v\u00edctimas directas e indirectas\u201d, detall\u00f3 v\u00eda Twitter.<\/p>\n\n\n\n<p>El enfrentamiento ocurri\u00f3 ayer alrededor de las 14:00 horas, presuntamente por un conflicto agrario entre ambas partes. Inicialmente, la Fiscal\u00eda report\u00f3 s\u00f3lo tres personas lesionadas. Hasta el momento s\u00f3lo se ha identificado a dos v\u00edctimas, Francisco V. R. y Fernando V. V., de Santa Mar\u00eda Sola.<\/p>\n\n\n\n<p>Hasta el momento el Gobierno del Estado de Oaxaca no ha emitido informaci\u00f3n oficial al respecto ni las causas precisas del enfrentamiento.<\/p>\n","protected":false},"excerpt":{"rendered":"<p>Ismael Garc\u00eda M.\/Zona Roja. Oaxaca de Ju\u00e1rez, Oax., 24 de abril de 2021.- Seis personas&hellip;<\/p>\n","protected":false},"author":2,"featured_media":26359,"comment_status":"closed","ping_status":"open","sticky":false,"template":"","format":"standard","meta":{"_lmt_disableupdate":"","_lmt_disable":"","_jetpack_memberships_contains_paid_content":false,"footnotes":""},"categories":[109,51],"tags":[2625],"class_list":["post-26393","post","type-post","status-publish","format-standard","has-post-thumbnail","hentry","category-minuto-a-minuto","category-zona-roja","tag-santa-maria-sola"],"jetpack_featured_media_url":"https:\/\/zonaroja.com.mx\/wp-content\/uploads\/2021\/04\/Santa-Maria-Sola.jpg","jetpack_sharing_enabled":true,"_links":{"self":[{"href":"https:\/\/zonaroja.com.mx\/index.php?rest_route=\/wp\/v2\/posts\/26393","targetHints":{"allow":["GET"]}}],"collection":[{"href":"https:\/\/zonaroja.com.mx\/index.php?rest_route=\/wp\/v2\/posts"}],"about":[{"href":"https:\/\/zonaroja.com.mx\/index.php?rest_route=\/wp\/v2\/types\/post"}],"author":[{"embeddable":true,"href":"https:\/\/zonaroja.com.mx\/index.php?rest_route=\/wp\/v2\/users\/2"}],"replies":[{"embeddable":true,"href":"https:\/\/zonaroja.com.mx\/index.php?rest_route=%2Fwp%2Fv2%2Fcomments&post=26393"}],"version-history":[{"count":1,"href":"https:\/\/zonaroja.com.mx\/index.php?rest_route=\/wp\/v2\/posts\/26393\/revisions"}],"predecessor-version":[{"id":26394,"href":"https:\/\/zonaroja.com.mx\/index.php?rest_route=\/wp\/v2\/posts\/26393\/revisions\/26394"}],"wp:featuredmedia":[{"embeddable":true,"href":"https:\/\/zonaroja.com.mx\/index.php?rest_route=\/wp\/v2\/media\/26359"}],"wp:attachment":[{"href":"https:\/\/zonaroja.com.mx\/index.php?rest_route=%2Fwp%2Fv2%2Fmedia&parent=26393"}],"wp:term":[{"taxonomy":"category","embeddable":true,"href":"https:\/\/zonaroja.com.mx\/index.php?rest_route=%2Fwp%2Fv2%2Fcategories&post=26393"},{"taxonomy":"post_tag","embeddable":true,"href":"https:\/\/zonaroja.com.mx\/index.php?rest_route=%2Fwp%2Fv2%2Ftags&post=26393"}],"curies":[{"name":"wp","href":"https:\/\/api.w.org\/{rel}","templated":true}]}}