{"id":26395,"date":"2021-04-24T14:32:24","date_gmt":"2021-04-24T19:32:24","guid":{"rendered":"http:\/\/www.zonaroja.com.mx\/?p=26395"},"modified":"2021-04-24T14:32:27","modified_gmt":"2021-04-24T19:32:27","slug":"en-medio-de-conflicto-y-enfrentamiento-congreso-desaparece-poderes-en-sola-de-vega","status":"publish","type":"post","link":"https:\/\/zonaroja.com.mx\/?p=26395","title":{"rendered":"En medio de conflicto y enfrentamiento, Congreso desaparece poderes en Sola de Vega"},"content":{"rendered":"\n<p>Redacci\u00f3n\/Zona Roja.<\/p>\n\n\n\n<p>Oaxaca de Ju\u00e1rez, Oax., 24 de abril de 2021.- El pleno del Congreso del Estado aprob\u00f3 recientemente la desaparici\u00f3n de poderes en el municipio de Villa Sola de Vega, ante la falta de la mayor\u00eda absoluta de los integrantes del ayuntamiento, correspondiente al periodo constitucional 2019-2021.<\/p>\n\n\n\n<p>Lo anterior, ante la renuncia de seis concejales propietarias y propietarios, as\u00ed como del mismo n\u00famero de suplentes, dimisiones que fueron declaradas v\u00e1lidas por la 64 Legislatura.<\/p>\n\n\n\n<p>El dictamen presentado por la Comisi\u00f3n Permanente de Gobernaci\u00f3n y Asuntos Agrarios, aprobado en la sesi\u00f3n ordinaria del pasado mi\u00e9rcoles 7 de abril, destaca que al no haber suficientes suplentes que pudieran integrar al ayuntamiento en referencia, con fundamento en lo dispuesto por los art\u00edculos 115 de la Constituci\u00f3n Pol\u00edtica de los Estado Unidos Mexicanos, 59 y 113 de la Constituci\u00f3n Pol\u00edtica del Estado Libre y Soberano de Oaxaca, declara procedente la desaparici\u00f3n del ayuntamiento constitucional del municipio de Villa Sola de Vega.<\/p>\n\n\n\n<p>Para dar certeza de la poblaci\u00f3n los y las congresistas precisaron que, de acuerdo con el marco jur\u00eddico estatal, se vincula al titular del Poder Ejecutivo del Estado para que en un t\u00e9rmino de 15 d\u00edas naturales, a partir de la aprobaci\u00f3n del decreto, ejercite la facultad de proponer a la C\u00e1mara de Diputados local, un Concejo Municipal que concluya el periodo de gobierno 2019-2021.<\/p>\n\n\n\n<p>Igualmente, la diputaci\u00f3n oaxaque\u00f1a determin\u00f3 procedente otorgar la licencia, por tiempo indefinido, al ciudadano Silvino Nah\u00fam Arango Mart\u00ednez, al cargo de presidente municipal de Santa Lucia Ocotl\u00e1n, quien ser\u00e1 sustituido por el concejal suplente, Carlos Salvador Pablo P\u00e9rez, para concluir el periodo 2020-2022.<\/p>\n\n\n\n<p>Para concluir el ejercicio legal del mismo periodo, 2019-2022, se declar\u00f3 procedente que Cecilio M\u00e9ndez Antonio, asuma el cargo de presidente municipal de San Pedro Mixtepec, Miahuatl\u00e1n, mientras que Bertha Cruz Velasco, asumir\u00e1 el cargo de regidora de Hacienda del Municipio de San Juan Sayultepec, Nochixtl\u00e1n.<\/p>\n\n\n\n<p>Finalmente, los legisladores avalaron que C\u00e1ndido Pineda Alvarado, asuma el cargo de primer concejal del ayuntamiento constitucional del municipio de San Jos\u00e9 Tenango, Teotitl\u00e1n, con todos los derechos y obligaciones inherentes en el periodo 2019-2021.<\/p>\n","protected":false},"excerpt":{"rendered":"<p>Redacci\u00f3n\/Zona Roja. Oaxaca de Ju\u00e1rez, Oax., 24 de abril de 2021.- El pleno del Congreso&hellip;<\/p>\n","protected":false},"author":2,"featured_media":7311,"comment_status":"closed","ping_status":"open","sticky":false,"template":"","format":"standard","meta":{"_lmt_disableupdate":"","_lmt_disable":"","_jetpack_memberships_contains_paid_content":false,"footnotes":""},"categories":[109,47],"tags":[1236],"class_list":["post-26395","post","type-post","status-publish","format-standard","has-post-thumbnail","hentry","category-minuto-a-minuto","category-zona-gris","tag-villa-sola-de-vega"],"jetpack_featured_media_url":"https:\/\/zonaroja.com.mx\/wp-content\/uploads\/2020\/01\/Sola-de-Vega.jpg","jetpack_sharing_enabled":true,"_links":{"self":[{"href":"https:\/\/zonaroja.com.mx\/index.php?rest_route=\/wp\/v2\/posts\/26395","targetHints":{"allow":["GET"]}}],"collection":[{"href":"https:\/\/zonaroja.com.mx\/index.php?rest_route=\/wp\/v2\/posts"}],"about":[{"href":"https:\/\/zonaroja.com.mx\/index.php?rest_route=\/wp\/v2\/types\/post"}],"author":[{"embeddable":true,"href":"https:\/\/zonaroja.com.mx\/index.php?rest_route=\/wp\/v2\/users\/2"}],"replies":[{"embeddable":true,"href":"https:\/\/zonaroja.com.mx\/index.php?rest_route=%2Fwp%2Fv2%2Fcomments&post=26395"}],"version-history":[{"count":1,"href":"https:\/\/zonaroja.com.mx\/index.php?rest_route=\/wp\/v2\/posts\/26395\/revisions"}],"predecessor-version":[{"id":26396,"href":"https:\/\/zonaroja.com.mx\/index.php?rest_route=\/wp\/v2\/posts\/26395\/revisions\/26396"}],"wp:featuredmedia":[{"embeddable":true,"href":"https:\/\/zonaroja.com.mx\/index.php?rest_route=\/wp\/v2\/media\/7311"}],"wp:attachment":[{"href":"https:\/\/zonaroja.com.mx\/index.php?rest_route=%2Fwp%2Fv2%2Fmedia&parent=26395"}],"wp:term":[{"taxonomy":"category","embeddable":true,"href":"https:\/\/zonaroja.com.mx\/index.php?rest_route=%2Fwp%2Fv2%2Fcategories&post=26395"},{"taxonomy":"post_tag","embeddable":true,"href":"https:\/\/zonaroja.com.mx\/index.php?rest_route=%2Fwp%2Fv2%2Ftags&post=26395"}],"curies":[{"name":"wp","href":"https:\/\/api.w.org\/{rel}","templated":true}]}}