{"id":26397,"date":"2021-04-24T14:43:55","date_gmt":"2021-04-24T19:43:55","guid":{"rendered":"http:\/\/www.zonaroja.com.mx\/?p=26397"},"modified":"2021-04-24T14:44:00","modified_gmt":"2021-04-24T19:44:00","slug":"expone-martin-vasquez-ensenanzas-a-un-ano-de-la-pandemia-por-covid","status":"publish","type":"post","link":"https:\/\/zonaroja.com.mx\/?p=26397","title":{"rendered":"Expone Mart\u00edn V\u00e1squez ense\u00f1anzas, a un a\u00f1o de la pandemia por Covid"},"content":{"rendered":"\n<p>Evlin Arag\u00f3n\/Zona Roja.<\/p>\n\n\n\n<p>Oaxaca de Ju\u00e1rez, Oax., 24 de abril de 2021.- \u201cTodos los hospitales de Oaxaca est\u00e1n llegando a la saturaci\u00f3n, no de las camas comunes y corrientes, sino de las que tienen que ver con la atenci\u00f3n especializada de medicina cr\u00edtica y los procedimientos de respiraci\u00f3n asistida e intubaci\u00f3n\u201d.&nbsp;<\/p>\n\n\n\n<p>Es parte del art\u00edculo titulado \u201cMomentos cr\u00edticos\u201d, escrito por Mart\u00edn V\u00e1squez Villanueva el pasado 11 de mayo, en medio de la primera ola de la pandemia,  y que hoy forma parte de su libro \u201cUn a\u00f1o con Covid-19. Apuntes Semanales\u201d, mismo que incluye los diferentes textos que public\u00f3 durante este lapso en el peri\u00f3dico \u201cNoticias\u201d de Oaxaca.\u00a0<\/p>\n\n\n\n<p>De acuerdo con actual director de la Corporaci\u00f3n Oaxaque\u00f1a de Radio y Televisi\u00f3n (Cortv), el escrito representa un ejercicio de reflexi\u00f3n sobre los efectos de la pandemia en nuestra realidad y las lecciones que ha dejado la crisis sanitaria m\u00e1s grande de los \u00faltimos tiempos en todo el mundo, desde el punto de vista de un m\u00e9dico oaxaque\u00f1o.\u00a0<\/p>\n\n\n\n<p>Una de principales ense\u00f1anzas para el autor es prestar mayor atenci\u00f3n a lo que dicen las personas especializadas o expertas en la salud p\u00fablica, la epidemiolog\u00eda y las enfermedades infecciosas, quienes desde hace a\u00f1os advert\u00edan la llegada de una pandemia de pron\u00f3stico reservado.&nbsp;<\/p>\n\n\n\n<p>Otra, dijo, radica en que la poblaci\u00f3n no puede bajar la guardia y debe estar todo el tiempo preparado, toda vez ya exist\u00eda un antecedente con la influenza AH1N1 del 2009 que tuvo que haber sido un motivo para invertir m\u00e1s en nuestro sistema de salud, extenderlo y robustecerlo \u201cmantenerlo permanentemente al d\u00eda, incrementar el personal m\u00e9dico y de enfermer\u00eda y potenciar su capacitaci\u00f3n\u201d.&nbsp;<\/p>\n\n\n\n<p>Una tercera lecci\u00f3n es en torno a la gobernanza eficaz como el mejor escudo para proteger a la poblaci\u00f3n ante la crisis, as\u00ed como la relevancia de la comunicaci\u00f3n en gestionar la respuesta social a la pandemia ya que de nada sirve una buena actuaci\u00f3n por parte de las autoridades sin la participaci\u00f3n responsable de la ciudadan\u00eda.&nbsp;<\/p>\n\n\n\n<p>Entre otras ense\u00f1anzas, V\u00e1squez Villanueva record\u00f3 que hace un a\u00f1o la vida cambio para la humanidad, la realidad qued\u00f3 profundamente trastocada, en lo individual y en lo social, sin dejar de mencionar que la econom\u00eda se vio duramente afecta con los efectos de un virus y una enfermedad sin cura y que obligo a la humanidad a evitar el contacto f\u00edsico, incluso de su propia familia.&nbsp;&nbsp;<\/p>\n\n\n\n<p>\u201cUn a\u00f1o muy dif\u00edcil, sin duda, pero hay algo que est\u00e1 muy claro; la vida sigue m\u00e1s temprano que tarde retomar\u00e1 su cauce\u201d.<\/p>\n\n\n\n<p>Aun as\u00ed, asegur\u00f3 que los efectos de la pandemia pudieron haber sido mucho peores de no haberse llevado a cabo la reconversi\u00f3n oportuna del sistema de atenci\u00f3n a la salud y la implementaci\u00f3n de rigurosas medidas de contenci\u00f3n por parte de la autoridad estatal y sus municipios.<\/p>\n\n\n\n<p>El libro incluye 43 cap\u00edtulos dentro de los que destacan: Qu\u00e9date en casa, La mortalidad por covid-10 en Oaxaca, Momentos cr\u00edticos, La vacuna tan esperada, El silencio de estos d\u00edas, Aguas con el rebrote, Un Oaxaca responsable, Las vacunas avanzan, Salud y reactivaci\u00f3n econ\u00f3mica, Una verdadera infodemia, entre otros.&nbsp;<\/p>\n\n\n\n<p>Martin V\u00e1squez Villanueva es actualmente director general de la Corporaci\u00f3n Oaxaque\u00f1a de Radio y Televisi\u00f3n, desde donde ha impulsado espacios espec\u00edficos para dar a conocer todo lo relacionado con la pandemia, con la intenci\u00f3n de mantener a la poblaci\u00f3n informada al respecto.<\/p>\n\n\n\n<p>Aqu\u00ed puede consultar en versi\u00f3n digital el ejemplar:<\/p>\n\n\n\n<figure class=\"wp-block-embed\"><div class=\"wp-block-embed__wrapper\">\nhttp:\/\/attainteractive.com\/MVV-covid-19.pdf\n<\/div><\/figure>\n","protected":false},"excerpt":{"rendered":"<p>Evlin Arag\u00f3n\/Zona Roja. Oaxaca de Ju\u00e1rez, Oax., 24 de abril de 2021.- \u201cTodos los hospitales&hellip;<\/p>\n","protected":false},"author":2,"featured_media":26398,"comment_status":"closed","ping_status":"open","sticky":false,"template":"","format":"standard","meta":{"_lmt_disableupdate":"","_lmt_disable":"","_jetpack_memberships_contains_paid_content":false,"footnotes":""},"categories":[109,46],"tags":[1582],"class_list":["post-26397","post","type-post","status-publish","format-standard","has-post-thumbnail","hentry","category-minuto-a-minuto","category-zona-blanca","tag-martin-vasquez-villanueva"],"jetpack_featured_media_url":"https:\/\/zonaroja.com.mx\/wp-content\/uploads\/2021\/04\/Martin-Vasquez-V..jpg","jetpack_sharing_enabled":true,"_links":{"self":[{"href":"https:\/\/zonaroja.com.mx\/index.php?rest_route=\/wp\/v2\/posts\/26397","targetHints":{"allow":["GET"]}}],"collection":[{"href":"https:\/\/zonaroja.com.mx\/index.php?rest_route=\/wp\/v2\/posts"}],"about":[{"href":"https:\/\/zonaroja.com.mx\/index.php?rest_route=\/wp\/v2\/types\/post"}],"author":[{"embeddable":true,"href":"https:\/\/zonaroja.com.mx\/index.php?rest_route=\/wp\/v2\/users\/2"}],"replies":[{"embeddable":true,"href":"https:\/\/zonaroja.com.mx\/index.php?rest_route=%2Fwp%2Fv2%2Fcomments&post=26397"}],"version-history":[{"count":1,"href":"https:\/\/zonaroja.com.mx\/index.php?rest_route=\/wp\/v2\/posts\/26397\/revisions"}],"predecessor-version":[{"id":26399,"href":"https:\/\/zonaroja.com.mx\/index.php?rest_route=\/wp\/v2\/posts\/26397\/revisions\/26399"}],"wp:featuredmedia":[{"embeddable":true,"href":"https:\/\/zonaroja.com.mx\/index.php?rest_route=\/wp\/v2\/media\/26398"}],"wp:attachment":[{"href":"https:\/\/zonaroja.com.mx\/index.php?rest_route=%2Fwp%2Fv2%2Fmedia&parent=26397"}],"wp:term":[{"taxonomy":"category","embeddable":true,"href":"https:\/\/zonaroja.com.mx\/index.php?rest_route=%2Fwp%2Fv2%2Fcategories&post=26397"},{"taxonomy":"post_tag","embeddable":true,"href":"https:\/\/zonaroja.com.mx\/index.php?rest_route=%2Fwp%2Fv2%2Ftags&post=26397"}],"curies":[{"name":"wp","href":"https:\/\/api.w.org\/{rel}","templated":true}]}}