{"id":26402,"date":"2021-04-24T15:17:09","date_gmt":"2021-04-24T20:17:09","guid":{"rendered":"http:\/\/www.zonaroja.com.mx\/?p=26402"},"modified":"2021-04-24T15:17:12","modified_gmt":"2021-04-24T20:17:12","slug":"seis-meses-sin-zayra-el-dolor-se-convirtio-en-coraje-dice-madre-de-la-joven","status":"publish","type":"post","link":"https:\/\/zonaroja.com.mx\/?p=26402","title":{"rendered":"Seis meses sin Zayra: el dolor se convirti\u00f3 en coraje, dice madre de la joven"},"content":{"rendered":"\n<p>Evlin Arag\u00f3n\/Zona Roja. Foto: Cortes\u00eda<\/p>\n\n\n\n<p>Oaxaca de Ju\u00e1rez, Oax., 24 de abril de 2021.- \u201cMi dolor se est\u00e1 convirtiendo en mucho coraje, les sigo pidiendo por favor a todas las personas que no se cansen de compartir este video, se los pide una madre angustiada de no saber d\u00f3nde se encuentra mi hija\u201d.<\/p>\n\n\n\n<p>Son las conmovedoras palabras de Teresa Loyola, madre de Zayra Leticia Morales Loyola, desaparecida el 23 de octubre del 2020 en la localidad de Santa Mar\u00eda Xochixtlapilco, perteneciente al municipio de Huajuapan de Le\u00f3n.<\/p>\n\n\n\n<p>Con todo en contra, ya que las autoridades no responden a la exigencia de dar con el paradero de la joven, la madre de Zayra mantiene por su cuenta la b\u00fasqueda de su hija, anhelando un milagro que la devuelva a su lado.&nbsp;&nbsp;<\/p>\n\n\n\n<p>\u201cHoy se cumplen seis meses de tu desaparici\u00f3n, seis meses viviendo de mucha angustia, de mucho dolor y desesperaci\u00f3n\u2026 zozobra. Zay, que r\u00e1pido est\u00e1 pasando el tiempo, parece que fue ayer pero ya paso medio a\u00f1o y hasta el momento no se sabe nada de tu paradero\u201d, manifiesta en un video que comparti\u00f3 a trav\u00e9s de Facebook.<\/p>\n\n\n\n<p>Como lo ha hecho desde hace meses, Teresa pidi\u00f3 a la poblaci\u00f3n en general no dejar de compartir la ficha de b\u00fasqueda, la foto de la joven y los videos que sube con la intenci\u00f3n de que pueda ser encontrada a la brevedad posible.&nbsp;<\/p>\n\n\n\n<p>\u201cNo se cansen de compartir este video, por favor se los pido. Se los pide una madre angustiada de no saber en d\u00f3nde se encuentra mi hija. Zay te sigo buscando, te amo mi ni\u00f1a hermosa. Te extra\u00f1amos, tus hijos te esperan\u201d, manifest\u00f3 con l\u00e1grimas en los ojos.&nbsp;<\/p>\n\n\n\n<p>Con todo y los seis meses transcurridos, la madre de la joven sigue esper\u00e1ndola en casa y tiene fe que suceda el milagro que le ha pedido a Dios durante todo este tiempo.&nbsp;<\/p>\n\n\n\n<p>Tambi\u00e9n la prima de Zayra, Tanairi Loyola, aprovech\u00f3 sus redes sociales para recordar que desde hace seis meses su familia no encuentra paz y no hay d\u00eda en que no rueden las l\u00e1grimas por su rostro al preguntarse sobre el paradero de la joven.<\/p>\n\n\n\n<p>\u201cEl d\u00eda que te arrebataron de nosotras, nos arrebataron la alegr\u00eda, seguimos en pie porque no nos cansamos de buscarte, tenemos todo en contra, las autoridades hacen caso omiso, y bajo esa impunidad quedamos todos los d\u00edas, en donde est\u00e9s no tengas miedo Zayra\u201d.<\/p>\n\n\n\n<p>Al igual que la madre de la joven, Tanairi pidi\u00f3 la colaboraci\u00f3n de la sociedad en caso de contar con alguna informaci\u00f3n sobre el paradero de su prima y record\u00f3 que su mam\u00e1 y sus hijos la esperan en casa.&nbsp;<\/p>\n","protected":false},"excerpt":{"rendered":"<p>Evlin Arag\u00f3n\/Zona Roja. Foto: Cortes\u00eda Oaxaca de Ju\u00e1rez, Oax., 24 de abril de 2021.- \u201cMi&hellip;<\/p>\n","protected":false},"author":2,"featured_media":26403,"comment_status":"closed","ping_status":"open","sticky":false,"template":"","format":"standard","meta":{"_lmt_disableupdate":"","_lmt_disable":"","_jetpack_memberships_contains_paid_content":false,"footnotes":""},"categories":[109,47],"tags":[2146],"class_list":["post-26402","post","type-post","status-publish","format-standard","has-post-thumbnail","hentry","category-minuto-a-minuto","category-zona-gris","tag-zayra-leticia-morales-loyola"],"jetpack_featured_media_url":"https:\/\/zonaroja.com.mx\/wp-content\/uploads\/2021\/04\/Zayra-Leticia-Morales.jpg","jetpack_sharing_enabled":true,"_links":{"self":[{"href":"https:\/\/zonaroja.com.mx\/index.php?rest_route=\/wp\/v2\/posts\/26402","targetHints":{"allow":["GET"]}}],"collection":[{"href":"https:\/\/zonaroja.com.mx\/index.php?rest_route=\/wp\/v2\/posts"}],"about":[{"href":"https:\/\/zonaroja.com.mx\/index.php?rest_route=\/wp\/v2\/types\/post"}],"author":[{"embeddable":true,"href":"https:\/\/zonaroja.com.mx\/index.php?rest_route=\/wp\/v2\/users\/2"}],"replies":[{"embeddable":true,"href":"https:\/\/zonaroja.com.mx\/index.php?rest_route=%2Fwp%2Fv2%2Fcomments&post=26402"}],"version-history":[{"count":1,"href":"https:\/\/zonaroja.com.mx\/index.php?rest_route=\/wp\/v2\/posts\/26402\/revisions"}],"predecessor-version":[{"id":26404,"href":"https:\/\/zonaroja.com.mx\/index.php?rest_route=\/wp\/v2\/posts\/26402\/revisions\/26404"}],"wp:featuredmedia":[{"embeddable":true,"href":"https:\/\/zonaroja.com.mx\/index.php?rest_route=\/wp\/v2\/media\/26403"}],"wp:attachment":[{"href":"https:\/\/zonaroja.com.mx\/index.php?rest_route=%2Fwp%2Fv2%2Fmedia&parent=26402"}],"wp:term":[{"taxonomy":"category","embeddable":true,"href":"https:\/\/zonaroja.com.mx\/index.php?rest_route=%2Fwp%2Fv2%2Fcategories&post=26402"},{"taxonomy":"post_tag","embeddable":true,"href":"https:\/\/zonaroja.com.mx\/index.php?rest_route=%2Fwp%2Fv2%2Ftags&post=26402"}],"curies":[{"name":"wp","href":"https:\/\/api.w.org\/{rel}","templated":true}]}}