{"id":2642,"date":"2019-07-30T16:01:29","date_gmt":"2019-07-30T21:01:29","guid":{"rendered":"http:\/\/www.zonaroja.com.mx\/?p=2642"},"modified":"2019-07-30T16:07:28","modified_gmt":"2019-07-30T21:07:28","slug":"en-busca-de-migrantes-hondurenos-catean-domicilio-en-oaxaca-y-hallan-dos-cuerpos","status":"publish","type":"post","link":"https:\/\/zonaroja.com.mx\/?p=2642","title":{"rendered":"En busca de migrantes hondure\u00f1os, catean domicilio en Oaxaca y hallan dos cuerpos"},"content":{"rendered":"\n<p>Redacci\u00f3n<\/p>\n\n\n\n<p>Ciudad de\nM\u00e9xico, 30 de julio de 2019.- En busca de migrantes hondure\u00f1os reportados como desaparecidos\nen Oaxaca desde el 19 de julio, polic\u00edas federales catearon un domicilio en\nSanto Domingo Zanatepec, colindante con Chiapas, donde hallaron los cuerpos de\ndos v\u00edctimas y detuvieron a una persona, Ulises R., de aproximadamente 26 a\u00f1os\nde edad.<\/p>\n\n\n\n<p>La ma\u00f1ana de este martes, la Fiscal\u00eda General del Estado de Veracruz inform\u00f3 de la localizaci\u00f3n de las cinco personas plagiadas en la entidad oaxaque\u00f1a, precis\u00f3; el operativo del 29 de julio se dio con el apoyo de las unidades antisecuestro de ambos estados, as\u00ed como de la Polic\u00eda Federal, Divisi\u00f3n Seguridad Regional.<\/p>\n\n\n\n<figure class=\"wp-block-embed-twitter wp-block-embed is-type-rich is-provider-twitter\"><div class=\"wp-block-embed__wrapper\">\n<div class=\"twitter-tweet\"><blockquote class=\"twitter-tweet\" data-lang=\"es\"><p lang=\"es\" dir=\"ltr\">El m\u00e1s amplio reconocimiento merecen <a href=\"https:\/\/twitter.com\/CONASE_mx?ref_src=twsrc%5Etfw\">@CONASE_mx<\/a> , Divisi\u00f3n de Investigaci\u00f3n de la <a href=\"https:\/\/twitter.com\/PoliciaFedMx?ref_src=twsrc%5Etfw\">@PoliciaFedMx<\/a>,<a href=\"https:\/\/twitter.com\/uecs?ref_src=twsrc%5Etfw\">@UECS<\/a> Veracruz y <a href=\"https:\/\/twitter.com\/FGE_Veracruz?ref_src=twsrc%5Etfw\">@FGE_Veracruz<\/a> por la liberaci\u00f3n el d\u00eda de ayer de la \u00fanica familia hondure\u00f1a cuyo secuestro ha sido denunciado en M\u00e9xico. Enhorabuena !!<\/p>&mdash; Marcelo Ebrard C. (@m_ebrard) <a href=\"https:\/\/twitter.com\/m_ebrard\/status\/1156231551958433792?ref_src=twsrc%5Etfw\">30 de julio de 2019<\/a><\/blockquote><\/div>\n<\/div><\/figure>\n\n\n\n<p>De manera\ninicial se dijo que la familia, compuesta por dos adultos y tres menores de\nedad, hab\u00edan desaparecido en Coatzacoalcos. Sin embargo, el secretario de\nSeguridad Publica de Veracruz, Hugo Guti\u00e9rrez Maldonado, aclar\u00f3 que los\nmigrantes fueron secuestrados en Oaxaca. <\/p>\n\n\n\n<p>La\ninvestigaci\u00f3n fue iniciada por la Fiscal\u00eda General del Estado de Veracruz a trav\u00e9s\nde la Fiscal\u00eda Especializada en Atenci\u00f3n a Migrantes y de las Unidades\nEspecializadas en Combate al Secuestro (UECS), el 24 de julio del a\u00f1o, por la\ndesaparici\u00f3n de Madian Heriberto Vela Contreras y Norbelina Elizabeth Ruiz\n\u00c1rtica, junto con sus tres hijos, quienes salieron el 8 de julio de Honduras y\npor los que ped\u00edan 15 mil d\u00f3lares de rescate. <\/p>\n\n\n\n<p>Tras la coordinaci\u00f3n entre autoridades veracruzanas y oaxaque\u00f1as, fueron rescatadas las v\u00edctimas, aunque la Fiscal\u00eca veracruzana indic\u00f2 que fue en Tuxtla Guti\u00e9rrez.<\/p>\n\n\n\n<p>\u00abLa Fiscal\u00eda General del Estado (de Veracruz) contin\u00faa con las investigaciones pertinentes hasta deslindar las responsabilidades del caso, para lo cual actualmente cuenta con testimoniales, declaraciones de probable part\u00edcipe de los hechos; as\u00ed como conocimiento del modus operandi de los delincuentes, entre otros indicios\u00bb, sostuvo en un comunicado difundido hoy.<\/p>\n\n\n\n<figure class=\"wp-block-embed-twitter wp-block-embed is-type-rich is-provider-twitter\"><div class=\"wp-block-embed__wrapper\">\n<div class=\"twitter-tweet\"><blockquote class=\"twitter-tweet\" data-lang=\"es\"><p lang=\"es\" dir=\"ltr\">Sana y salva familia hondure\u00f1a v\u00edctima de secuestro<br>Resultado de investigaci\u00f3n y diligencias de FGE realizadas de manera coordinada con CONASE, SEIDO, PF, UECS de Oaxaca y Chiapas y Consulado de Honduras <a href=\"https:\/\/twitter.com\/EricCisnerosB?ref_src=twsrc%5Etfw\">@EricCisnerosB<\/a>, <a href=\"https:\/\/twitter.com\/CuitlahuacGJ?ref_src=twsrc%5Etfw\">@CuitlahuacGJ<\/a><a href=\"https:\/\/t.co\/gtF4GClf7k\">https:\/\/t.co\/gtF4GClf7k<\/a> <a href=\"https:\/\/t.co\/qfRb1Ads2X\">pic.twitter.com\/qfRb1Ads2X<\/a><\/p>&mdash; FGE Veracruz (@FGE_Veracruz) <a href=\"https:\/\/twitter.com\/FGE_Veracruz\/status\/1156212082561421312?ref_src=twsrc%5Etfw\">30 de julio de 2019<\/a><\/blockquote><\/div>\n<\/div><\/figure>\n","protected":false},"excerpt":{"rendered":"<p>Redacci\u00f3n Ciudad de M\u00e9xico, 30 de julio de 2019.- En busca de migrantes hondure\u00f1os reportados&hellip;<\/p>\n","protected":false},"author":2,"featured_media":2644,"comment_status":"closed","ping_status":"open","sticky":false,"template":"","format":"standard","meta":{"_lmt_disableupdate":"","_lmt_disable":"","_jetpack_memberships_contains_paid_content":false,"footnotes":""},"categories":[109,51],"tags":[432],"class_list":["post-2642","post","type-post","status-publish","format-standard","has-post-thumbnail","hentry","category-minuto-a-minuto","category-zona-roja","tag-rescatan-a-migrantes-secuestrados-en-oaxaca"],"jetpack_featured_media_url":"https:\/\/zonaroja.com.mx\/wp-content\/uploads\/2019\/07\/Image-1-1.png","jetpack_sharing_enabled":true,"_links":{"self":[{"href":"https:\/\/zonaroja.com.mx\/index.php?rest_route=\/wp\/v2\/posts\/2642","targetHints":{"allow":["GET"]}}],"collection":[{"href":"https:\/\/zonaroja.com.mx\/index.php?rest_route=\/wp\/v2\/posts"}],"about":[{"href":"https:\/\/zonaroja.com.mx\/index.php?rest_route=\/wp\/v2\/types\/post"}],"author":[{"embeddable":true,"href":"https:\/\/zonaroja.com.mx\/index.php?rest_route=\/wp\/v2\/users\/2"}],"replies":[{"embeddable":true,"href":"https:\/\/zonaroja.com.mx\/index.php?rest_route=%2Fwp%2Fv2%2Fcomments&post=2642"}],"version-history":[{"count":1,"href":"https:\/\/zonaroja.com.mx\/index.php?rest_route=\/wp\/v2\/posts\/2642\/revisions"}],"predecessor-version":[{"id":2643,"href":"https:\/\/zonaroja.com.mx\/index.php?rest_route=\/wp\/v2\/posts\/2642\/revisions\/2643"}],"wp:featuredmedia":[{"embeddable":true,"href":"https:\/\/zonaroja.com.mx\/index.php?rest_route=\/wp\/v2\/media\/2644"}],"wp:attachment":[{"href":"https:\/\/zonaroja.com.mx\/index.php?rest_route=%2Fwp%2Fv2%2Fmedia&parent=2642"}],"wp:term":[{"taxonomy":"category","embeddable":true,"href":"https:\/\/zonaroja.com.mx\/index.php?rest_route=%2Fwp%2Fv2%2Fcategories&post=2642"},{"taxonomy":"post_tag","embeddable":true,"href":"https:\/\/zonaroja.com.mx\/index.php?rest_route=%2Fwp%2Fv2%2Ftags&post=2642"}],"curies":[{"name":"wp","href":"https:\/\/api.w.org\/{rel}","templated":true}]}}