{"id":26420,"date":"2021-04-25T07:11:07","date_gmt":"2021-04-25T12:11:07","guid":{"rendered":"http:\/\/www.zonaroja.com.mx\/?p=26420"},"modified":"2021-04-25T07:19:38","modified_gmt":"2021-04-25T12:19:38","slug":"se-acumulan-denuncias-de-acoso-sexual-contra-diputado-de-morena","status":"publish","type":"post","link":"https:\/\/zonaroja.com.mx\/?p=26420","title":{"rendered":"Se acumulan denuncias de acoso sexual contra diputado de Morena"},"content":{"rendered":"\n<p>Redacci\u00f3n\/Zona Roja Cdmx.<\/p>\n\n\n\n<p>Ciudad de M\u00e9xico, 25 de abril de 2021.- Son al menos tres denuncias que se acumulan en contra del diputado por Morena del estado de Puebla, Sa\u00fal Huerta Corona, por acoso sexual.<\/p>\n\n\n\n<p>El partido valora su expulsi\u00f3n y hasta la jefa de Gobierno de la Ciudad de M\u00e9xico, Claudia Sheimbaum, pidi\u00f3 que se revise exhaustivamente su caso y de comprobarse los il\u00edcitos, que sea desaforado.<\/p>\n\n\n\n<p>Ayer, la Fiscal\u00eda General de Justicia inform\u00f3 que otro menor acompa\u00f1ado de sus padres acudi\u00f3 a denunciar al diputado por haber abusado de \u00e9l \u2014en 2019\u2014 bajo el mismo modus operandi que us\u00f3 en un hotel en la colonia Ju\u00e1rez el mi\u00e9rcoles pasado.<\/p>\n\n\n\n<p>Fuentes de la instituci\u00f3n refirieron que la presunta agresi\u00f3n ocurri\u00f3 en Puebla pero la denuncia se present\u00f3 en la capital del pa\u00eds, por lo que en coordinaci\u00f3n con sus hom\u00f3logos de esa entidad har\u00e1n las investigaciones.<\/p>\n\n\n\n<p>Hay al menos tres hombres, entre ellos dos menores de edad, que tambi\u00e9n fueron v\u00edctimas del diputado Benjam\u00edn Sa\u00fal Huerta Corona, revel\u00f3 el joven de 15 a\u00f1os que lo denunci\u00f3 por abuso sexual.<\/p>\n\n\n\n<p>Narr\u00f3 que le hab\u00eda llegado una invitaci\u00f3n \u00abpor medio de amigos, a que nos sum\u00e1ramos a actividades pol\u00edticas que, nos dijeron, nos podr\u00edan beneficiar en un futuro\u00bb, donde ah\u00ed el legislador aprovechaba de ellos.<\/p>\n\n\n\n<p>A CONSULTA<\/p>\n\n\n\n<p>El coordinador de la bancada de Morena, Ignacio Mier, anunci\u00f3 que someter\u00e1 a consideraci\u00f3n de toda su fracci\u00f3n la separaci\u00f3n del diputado Sa\u00fal Huerta, hasta que la Fiscal\u00eda capitalina no acredite su inocencia.<\/p>\n\n\n\n<p>En un mensaje a trav\u00e9s de sus redes sociales, el l\u00edder morenista no dio detalles de cu\u00e1ndo ser\u00eda esta consulta, luego de que fuera detenido el pasado mi\u00e9rcoles acusado de abuso sexual por un menor de 15 a\u00f1os.<\/p>\n\n\n\n<p>\u201cSometer\u00e9 a consideraci\u00f3n de @DiputadosMorena la separaci\u00f3n del diputado @SaulHuertaOf en tanto su inocencia con relaci\u00f3n a los actos que se le imputan, no sea acreditada por la Fiscal\u00eda de la Ciudad de M\u00e9xico\u201d, poste\u00f3 a trav\u00e9s de sus redes sociales.<\/p>\n\n\n\n<p>LA ACUSACI\u00d3N<\/p>\n\n\n\n<p>El legislador Benjam\u00edn Sa\u00fal Huerta Corona fue acusado por un joven de 15 a\u00f1os de abuso sexual. El menor, originario de Puebla, narr\u00f3 que el morenista le ofreci\u00f3 trabajo y lo invit\u00f3 a una sesi\u00f3n a la C\u00e1mara de Diputados, por lo cual se traslad\u00f3 a la Ciudad de M\u00e9xico con \u00e9l.&nbsp;<\/p>\n\n\n\n<p>Al concluir la sesi\u00f3n, dijo, ir\u00edan al hotel en el que se hospedar\u00eda. Durante el recorrido pasaron a un comercio y el diputado le dio un refresco; tras tom\u00e1rselo empez\u00f3 a sentirse mal.<\/p>\n\n\n\n<p>Al llegar al lugar en el que se quedar\u00eda, el joven dijo que el legislador s\u00f3lo rent\u00f3 una y no dos habitaciones como le hab\u00eda indicado y abus\u00f3 de \u00e9l. Huerta fue detenido al d\u00eda siguiente por polic\u00edas de la Cdmx y el joven fue trasladado a la Fiscal\u00eda local, en donde present\u00f3 una denuncia en contra el pol\u00edtico, quien fue liberado horas m\u00e1s tarde al contar con fuero.<\/p>\n\n\n\n<p>El diputado federal ha negado los hechos y por lo pronto renunci\u00f3 a su prop\u00f3sito de reelegirse como diputado federal.<\/p>\n\n\n\n<p>(Informaci\u00f3n de agencias y de \u00abMilenio\u00bb)<\/p>\n","protected":false},"excerpt":{"rendered":"<p>Redacci\u00f3n\/Zona Roja Cdmx. Ciudad de M\u00e9xico, 25 de abril de 2021.- Son al menos tres&hellip;<\/p>\n","protected":false},"author":2,"featured_media":26421,"comment_status":"closed","ping_status":"open","sticky":false,"template":"","format":"standard","meta":{"_lmt_disableupdate":"","_lmt_disable":"","_jetpack_memberships_contains_paid_content":false,"footnotes":""},"categories":[109,47],"tags":[2627],"class_list":["post-26420","post","type-post","status-publish","format-standard","has-post-thumbnail","hentry","category-minuto-a-minuto","category-zona-gris","tag-saul-huerta-corona"],"jetpack_featured_media_url":"https:\/\/zonaroja.com.mx\/wp-content\/uploads\/2021\/04\/Saul-Huerta.jpg","jetpack_sharing_enabled":true,"_links":{"self":[{"href":"https:\/\/zonaroja.com.mx\/index.php?rest_route=\/wp\/v2\/posts\/26420","targetHints":{"allow":["GET"]}}],"collection":[{"href":"https:\/\/zonaroja.com.mx\/index.php?rest_route=\/wp\/v2\/posts"}],"about":[{"href":"https:\/\/zonaroja.com.mx\/index.php?rest_route=\/wp\/v2\/types\/post"}],"author":[{"embeddable":true,"href":"https:\/\/zonaroja.com.mx\/index.php?rest_route=\/wp\/v2\/users\/2"}],"replies":[{"embeddable":true,"href":"https:\/\/zonaroja.com.mx\/index.php?rest_route=%2Fwp%2Fv2%2Fcomments&post=26420"}],"version-history":[{"count":2,"href":"https:\/\/zonaroja.com.mx\/index.php?rest_route=\/wp\/v2\/posts\/26420\/revisions"}],"predecessor-version":[{"id":26426,"href":"https:\/\/zonaroja.com.mx\/index.php?rest_route=\/wp\/v2\/posts\/26420\/revisions\/26426"}],"wp:featuredmedia":[{"embeddable":true,"href":"https:\/\/zonaroja.com.mx\/index.php?rest_route=\/wp\/v2\/media\/26421"}],"wp:attachment":[{"href":"https:\/\/zonaroja.com.mx\/index.php?rest_route=%2Fwp%2Fv2%2Fmedia&parent=26420"}],"wp:term":[{"taxonomy":"category","embeddable":true,"href":"https:\/\/zonaroja.com.mx\/index.php?rest_route=%2Fwp%2Fv2%2Fcategories&post=26420"},{"taxonomy":"post_tag","embeddable":true,"href":"https:\/\/zonaroja.com.mx\/index.php?rest_route=%2Fwp%2Fv2%2Ftags&post=26420"}],"curies":[{"name":"wp","href":"https:\/\/api.w.org\/{rel}","templated":true}]}}