{"id":26432,"date":"2021-04-25T08:08:57","date_gmt":"2021-04-25T13:08:57","guid":{"rendered":"http:\/\/www.zonaroja.com.mx\/?p=26432"},"modified":"2021-04-25T08:09:00","modified_gmt":"2021-04-25T13:09:00","slug":"suman-siete-los-muertos-en-enfrentamiento-en-la-sierra-sur-habria-mas","status":"publish","type":"post","link":"https:\/\/zonaroja.com.mx\/?p=26432","title":{"rendered":"Suman siete los muertos en enfrentamiento en la Sierra Sur; habr\u00eda m\u00e1s"},"content":{"rendered":"\n<p>Ismael Garc\u00eda M.\/Zona Roja.<\/p>\n\n\n\n<p>Oaxaca de Ju\u00e1rez, Oax., 25 de abril de 2021.- A siete ascender\u00eda el n\u00famero muertos por el conflicto entre Santa Mar\u00eda Sola y la rancher\u00eda El Guayabo, registrado la tarde del pasado viernes.<\/p>\n\n\n\n<p>De esta \u00faltima localidad son cinco asesinados a balazos, confirm\u00f3 Germ\u00e1n Santos, presidente del Comisariado de Bienes Comunales, quien acus\u00f3 fueron los de Sola quienes los agredieron con armas de fuego.<\/p>\n\n\n\n<p>\u201cLa asamblea de Santa Mar\u00eda se traslad\u00f3 a El Guayabo cuando no debi\u00f3 hacerlo; hay personas desaparecidas y no se sabe si est\u00e1n vivas o muertas\u201d, dijo en entrevista desde la Villa Sola de Vega.<\/p>\n\n\n\n<p>Los cinco fallecidos son varones de El Guayabo y hay m\u00e1s personas desaparecidas que podr\u00edan haber fallecido.<\/p>\n\n\n\n<p>Hay personas desaparecidas, confirm\u00f3 L\u00e1zaro, uno de los pobladores de El Guayabo, quienes estar\u00edan entre los cerros ya sin vida; \u201cfueron totalmente masacrados\u201d por Santa Mar\u00eda Sola, afirma; perdi\u00f3 a su padre, dos hermanos y dos sobrinos, por lo cual exige justicia.<\/p>\n\n\n\n<p>\u201cNo es la primera vez que lo hacen, siempre hemos sido hostigados por la comunidad de Santa Mar\u00eda; siempre hemos tocado puertas, en M\u00e9xico y en Oaxaca; tenemos pruebas de que ellos siempre han sido los agresores.<\/p>\n\n\n\n<p>\u201cLe pedimos al gobierno que ya es hora que atienda estos problemas agrarios, por l\u00edmites, lamentablemente si el gobierno hubiera respondido en forma y tiempo, porque se les comunic\u00f3 a tiempo, pero no llegaron a tiempo para parar la masacre\u201d, narr\u00f3.<\/p>\n\n\n\n<p>Por su parte, la Secretar\u00eda de Seguridad P\u00fablica de Oaxaca, que encabeza Heliodoro D\u00edaz Esc\u00e1rraga, inform\u00f3 que 21 pobladores de El Guayabo fueron rescatados y trasladados a la oficina del Comisariado de Bienes Comunales, en Villa Sola de Vega.<\/p>\n\n\n\n<p>Ah\u00ed se habilit\u00f3 como albergue y se les brindan todos los apoyos necesarios para tener un alojamiento seguro.<\/p>\n\n\n\n<p>Por otra parte, confirm\u00f3 el intercambio de retenidos, 16 de los cuales ser\u00edan personal de la Fiscal\u00eda General del Estado de Oaxaca.<\/p>\n\n\n\n<p>Santa Mar\u00eda Sola entreg\u00f3 seis personas y una camioneta, mientras que El Guayaba devolvi\u00f3 cuatro personas, tres hombres y una mujer.<\/p>\n","protected":false},"excerpt":{"rendered":"<p>Ismael Garc\u00eda M.\/Zona Roja. Oaxaca de Ju\u00e1rez, Oax., 25 de abril de 2021.- A siete&hellip;<\/p>\n","protected":false},"author":2,"featured_media":26433,"comment_status":"closed","ping_status":"open","sticky":false,"template":"","format":"standard","meta":{"_lmt_disableupdate":"","_lmt_disable":"","_jetpack_memberships_contains_paid_content":false,"footnotes":""},"categories":[109,47],"tags":[2625],"class_list":["post-26432","post","type-post","status-publish","format-standard","has-post-thumbnail","hentry","category-minuto-a-minuto","category-zona-gris","tag-santa-maria-sola"],"jetpack_featured_media_url":"https:\/\/zonaroja.com.mx\/wp-content\/uploads\/2021\/04\/Rescatados-Santa-Maria-Sola.jpg","jetpack_sharing_enabled":true,"_links":{"self":[{"href":"https:\/\/zonaroja.com.mx\/index.php?rest_route=\/wp\/v2\/posts\/26432","targetHints":{"allow":["GET"]}}],"collection":[{"href":"https:\/\/zonaroja.com.mx\/index.php?rest_route=\/wp\/v2\/posts"}],"about":[{"href":"https:\/\/zonaroja.com.mx\/index.php?rest_route=\/wp\/v2\/types\/post"}],"author":[{"embeddable":true,"href":"https:\/\/zonaroja.com.mx\/index.php?rest_route=\/wp\/v2\/users\/2"}],"replies":[{"embeddable":true,"href":"https:\/\/zonaroja.com.mx\/index.php?rest_route=%2Fwp%2Fv2%2Fcomments&post=26432"}],"version-history":[{"count":1,"href":"https:\/\/zonaroja.com.mx\/index.php?rest_route=\/wp\/v2\/posts\/26432\/revisions"}],"predecessor-version":[{"id":26434,"href":"https:\/\/zonaroja.com.mx\/index.php?rest_route=\/wp\/v2\/posts\/26432\/revisions\/26434"}],"wp:featuredmedia":[{"embeddable":true,"href":"https:\/\/zonaroja.com.mx\/index.php?rest_route=\/wp\/v2\/media\/26433"}],"wp:attachment":[{"href":"https:\/\/zonaroja.com.mx\/index.php?rest_route=%2Fwp%2Fv2%2Fmedia&parent=26432"}],"wp:term":[{"taxonomy":"category","embeddable":true,"href":"https:\/\/zonaroja.com.mx\/index.php?rest_route=%2Fwp%2Fv2%2Fcategories&post=26432"},{"taxonomy":"post_tag","embeddable":true,"href":"https:\/\/zonaroja.com.mx\/index.php?rest_route=%2Fwp%2Fv2%2Ftags&post=26432"}],"curies":[{"name":"wp","href":"https:\/\/api.w.org\/{rel}","templated":true}]}}