{"id":26447,"date":"2021-04-25T18:44:43","date_gmt":"2021-04-25T23:44:43","guid":{"rendered":"http:\/\/www.zonaroja.com.mx\/?p=26447"},"modified":"2021-04-25T19:55:01","modified_gmt":"2021-04-26T00:55:01","slug":"con-arte-y-artesanias-mujeres-de-oaxaca-se-curan-el-alma-en-la-pandemia","status":"publish","type":"post","link":"https:\/\/zonaroja.com.mx\/?p=26447","title":{"rendered":"Con arte y artesan\u00edas, mujeres de Oaxaca se curan el alma en la pandemia"},"content":{"rendered":"\n<p>Yuridiana Sosa\/Zona Roja.<\/p>\n\n\n\n<p>Oaxaca de Ju\u00e1rez, Oax., 25 de abril de 2021.- Mujeres artesanas y artistas pl\u00e1sticas unieron sus talentos en el proyecto \u201cMujeres de barro\u201d, en el que no s\u00f3lo compartieron conocimiento, sino tambi\u00e9n experiencias y sentimientos frente a la pandemia de Covid.<\/p>\n\n\n\n<p>Ocho creadoras de Oaxaca forman parte de un nuevo grupo de mujeres expositoras, en la que dan muestra de sus habilidades para crear arte por medio de materiales nuevos a sus manos, intercambiando el barro rojo de Santa Mar\u00eda Atzompa y San Bartolo Coyotepec.<\/p>\n\n\n\n<p>Pero, m\u00e1s all\u00e1 de una exposici\u00f3n, \u201cMujeres de barro\u201d representa un escaparate para las artistas y artesanas que durante un a\u00f1o han permanecido trabajando desde casa, pero sin la posibilidad de exponer y con la incertidumbre de ingreso al no registrarse turismo, la principal fuente.<\/p>\n\n\n\n<p>Al cierre de su primera semana de exposici\u00f3n, en Constituci\u00f3n 303 en el Centro Hist\u00f3rico de la ciudad de Oaxaca, Adelina, Ang\u00e9lica y Ana Mar\u00eda compartieron su experiencia en la que se enfrentaron a nuevos retos.<\/p>\n\n\n\n<p>Adelina Pedro Mart\u00ednez, de San Bartolo Coyotepec, una artesana experta en el manejo del barro negro, por primera vez realiz\u00f3 obra en barro de Santa Mar\u00eda Atzompa. Mientras que Ana Mar\u00eda Larz\u00f3n de Atzompa, trabaj\u00f3 con el barro negro.<\/p>\n\n\n\n<figure class=\"wp-block-embed-twitter wp-block-embed is-type-rich is-provider-twitter\"><div class=\"wp-block-embed__wrapper\">\n<div class=\"twitter-tweet\"><blockquote class=\"twitter-tweet\" data-lang=\"es\"><p lang=\"es\" dir=\"ltr\"><a href=\"https:\/\/twitter.com\/hashtag\/HechoEnOaxaca?src=hash&amp;ref_src=twsrc%5Etfw\">#HechoEnOaxaca<\/a><br>A. La pandemia les afect\u00f3 pero tambi\u00e9n las uni\u00f3; el confinamiento les cur\u00f3 el alma, despert\u00f3 a las \u201cMujeres de barro\u201d y artesanas junto con artistas pl\u00e1sticos lograron conjuntar esfuerzos para lanzar una exposici\u00f3n.<br>\ud83d\udc4f\ud83d\udc4f\ud83d\udc4f\ud83d\udc4f\ud83d\udc4f <a href=\"https:\/\/t.co\/5ek4qP8Uob\">pic.twitter.com\/5ek4qP8Uob<\/a><\/p>&mdash; Zona Roja Oaxaca (@Zona_Roja_Oax) <a href=\"https:\/\/twitter.com\/Zona_Roja_Oax\/status\/1386467693394501634?ref_src=twsrc%5Etfw\">25 de abril de 2021<\/a><\/blockquote><\/div>\n<\/div><\/figure>\n\n\n\n<p>La mujer agradeci\u00f3 a la Colectividad Art\u00edstica Oaxaque\u00f1a y a la promotora Ross Aguilar por impulsar este ejercicio que las liber\u00f3 y las sac\u00f3 de su \u00e1rea de confort para enriquecerlas en el arte.<\/p>\n\n\n\n<p>Por su parte Ang\u00e9lica V\u00e1squez Cruz, artesana de Atzompa &#8211;Premio Nacional de Ciencias y Artes en el \u00e1rea de Artes y Tradiciones Populares por la Secretar\u00eda de Educaci\u00f3n P\u00fablica en 2008&#8211; reafirm\u00f3 la importancia de trabajar otros materiales para comprender la labor que realiza cada artesana en las distintas comunidades.<\/p>\n\n\n\n<p>\u201cNos ayud\u00f3 a sacarnos del mal momento que padecemos en el hogar, con tantos quehaceres y trabajo. Esto nos ofreci\u00f3 la oportunidad de conjuntarnos, fue bonito, nos ayud\u00f3 a sentirnos diferente\u201d, expres\u00f3.<\/p>\n\n\n\n<p>Este trabajo en equipo ser\u00e1 expuesto nuevamente, como una segunda fecha, en la Galer\u00eda Ivonne Kenedy en la calle de Manuel Bravo sin n\u00famero, en el Centro Hist\u00f3rico de la capital.<\/p>\n\n\n\n<figure class=\"wp-block-embed-twitter wp-block-embed is-type-rich is-provider-twitter\"><div class=\"wp-block-embed__wrapper\">\n<div class=\"twitter-tweet\"><blockquote class=\"twitter-tweet\" data-lang=\"es\"><p lang=\"es\" dir=\"ltr\"><a href=\"https:\/\/twitter.com\/hashtag\/HechoEnOaxaca?src=hash&amp;ref_src=twsrc%5Etfw\">#HechoEnOaxaca<\/a><br>B. Con el apoyo de la promotora cultural Ross Aguilar, Adelina, Ang\u00e9lica y Ana Mar\u00eda prev\u00e9n llevar ahora su muestra ahora en la galer\u00eda \u201cIvonne Kenedy\u201d, en el Centro Hist\u00f3rico de la capital oaxaque\u00f1a.<br>\ud83d\udc4f\ud83d\udc4f\ud83d\udc4f\ud83d\udc4f\ud83d\udc4f <a href=\"https:\/\/t.co\/aQtMqRD5Va\">pic.twitter.com\/aQtMqRD5Va<\/a><\/p>&mdash; Zona Roja Oaxaca (@Zona_Roja_Oax) <a href=\"https:\/\/twitter.com\/Zona_Roja_Oax\/status\/1386483651966210051?ref_src=twsrc%5Etfw\">26 de abril de 2021<\/a><\/blockquote><\/div>\n<\/div><\/figure>\n","protected":false},"excerpt":{"rendered":"<p>Yuridiana Sosa\/Zona Roja. Oaxaca de Ju\u00e1rez, Oax., 25 de abril de 2021.- Mujeres artesanas y&hellip;<\/p>\n","protected":false},"author":2,"featured_media":26441,"comment_status":"closed","ping_status":"open","sticky":false,"template":"","format":"standard","meta":{"_lmt_disableupdate":"","_lmt_disable":"","_jetpack_memberships_contains_paid_content":false,"footnotes":""},"categories":[109,46],"tags":[2630],"class_list":["post-26447","post","type-post","status-publish","format-standard","has-post-thumbnail","hentry","category-minuto-a-minuto","category-zona-blanca","tag-mujeres-de-barro-oaxaca"],"jetpack_featured_media_url":"https:\/\/zonaroja.com.mx\/wp-content\/uploads\/2021\/04\/Mujeres-artesanas-Oaxaca.jpg","jetpack_sharing_enabled":true,"_links":{"self":[{"href":"https:\/\/zonaroja.com.mx\/index.php?rest_route=\/wp\/v2\/posts\/26447","targetHints":{"allow":["GET"]}}],"collection":[{"href":"https:\/\/zonaroja.com.mx\/index.php?rest_route=\/wp\/v2\/posts"}],"about":[{"href":"https:\/\/zonaroja.com.mx\/index.php?rest_route=\/wp\/v2\/types\/post"}],"author":[{"embeddable":true,"href":"https:\/\/zonaroja.com.mx\/index.php?rest_route=\/wp\/v2\/users\/2"}],"replies":[{"embeddable":true,"href":"https:\/\/zonaroja.com.mx\/index.php?rest_route=%2Fwp%2Fv2%2Fcomments&post=26447"}],"version-history":[{"count":3,"href":"https:\/\/zonaroja.com.mx\/index.php?rest_route=\/wp\/v2\/posts\/26447\/revisions"}],"predecessor-version":[{"id":26453,"href":"https:\/\/zonaroja.com.mx\/index.php?rest_route=\/wp\/v2\/posts\/26447\/revisions\/26453"}],"wp:featuredmedia":[{"embeddable":true,"href":"https:\/\/zonaroja.com.mx\/index.php?rest_route=\/wp\/v2\/media\/26441"}],"wp:attachment":[{"href":"https:\/\/zonaroja.com.mx\/index.php?rest_route=%2Fwp%2Fv2%2Fmedia&parent=26447"}],"wp:term":[{"taxonomy":"category","embeddable":true,"href":"https:\/\/zonaroja.com.mx\/index.php?rest_route=%2Fwp%2Fv2%2Fcategories&post=26447"},{"taxonomy":"post_tag","embeddable":true,"href":"https:\/\/zonaroja.com.mx\/index.php?rest_route=%2Fwp%2Fv2%2Ftags&post=26447"}],"curies":[{"name":"wp","href":"https:\/\/api.w.org\/{rel}","templated":true}]}}