{"id":26450,"date":"2021-04-25T19:07:09","date_gmt":"2021-04-26T00:07:09","guid":{"rendered":"http:\/\/www.zonaroja.com.mx\/?p=26450"},"modified":"2021-04-25T19:07:12","modified_gmt":"2021-04-26T00:07:12","slug":"lamenta-arzobispo-de-oaxaca-ola-de-violencia-y-masacre-en-sierra-sur","status":"publish","type":"post","link":"https:\/\/zonaroja.com.mx\/?p=26450","title":{"rendered":"Lamenta Arzobispo de Oaxaca ola de violencia y masacre en Sierra Sur"},"content":{"rendered":"\n<p>Ismael Garc\u00eda M.\/Zona Roja. Foto: Especial<\/p>\n\n\n\n<p>Oaxaca de Ju\u00e1rez, Oax., 25 de abril de 2021.- \u201cEl viernes por la noche, uno de mis sacerdotes me habl\u00f3 con mucho dolor y con muchas l\u00e1grimas y me platic\u00f3 lo que hab\u00eda pasado en parte de su parroquia. \u2018Se\u00f1or, hubo un enfrentamiento entre hermanos de un pueblo contra el otro. Tal vez hasta parientes son y hay muertos, Monse\u00f1or, hay heridos y no s\u00e9 qu\u00e9 hace\u2019 -me dec\u00eda el padre- \u2018estoy muy triste\u2019\u00bb.<\/p>\n\n\n\n<p>As\u00ed narr\u00f3 el Arzobispo de Antequera Oaxaca, Pedro V\u00e1zquez Villalobos, los hechos violentos que oy\u00f3 de viva voz de uno de los sacerdotes de la zona, quien ped\u00eda auxilio por la masacre ocurrida el pasado viernes entre Santa Mar\u00eda Sola y la rancher\u00eda de El Guayabo, Sola de Vega.<\/p>\n\n\n\n<p>Durante su mensaje dominical en el servicio religioso en la Catedral Metropolitana, en el marco del tercer aniversario de su llegada a la entidad, en que sustituy\u00f3 a Jos\u00e9 Luis Ch\u00e1vez Botell\u00f3, el prelado exigi\u00f3 justicia y paz para los oaxaque\u00f1os.<\/p>\n\n\n\n<p>\u201cYo les he pedido que vivamos en paz, que nos entendamos, que podamos solucionar los conflictos de otra forma, no con las armas, as\u00ed no se solucionan los conflictos, tomando las armas, \u00a1no!<\/p>\n\n\n\n<p>\u201cHay que tomar el arma de la raz\u00f3n, del di\u00e1logo, de la comprensi\u00f3n, del perd\u00f3n, de la misericordia, de la paz, \u00a1pero no las armas!<\/p>\n\n\n\n<p>\u201cLas armas lo \u00fanico que provocan son muertes, muertes y muertes y siembran venganza y venganza y venganza. Son parte de nuestro reba\u00f1o, son ovejas de este redil.<\/p>\n\n\n\n<p>\u201cSon hermanos nuestros tambi\u00e9n y me digo: \u00bfc\u00f3mo hacer?, \u00bfc\u00f3mo ayudar?, \u00bfc\u00f3mo tocar el coraz\u00f3n? Qu\u00e9 dif\u00edcil, qu\u00e9 dif\u00edcil a veces tocar el coraz\u00f3n cuando se ha cerrado tanto\u201d, expuso V\u00e1zquez Villalobos ante la feligres\u00eda cat\u00f3lica.<\/p>\n\n\n\n<p>Pidi\u00f3 a la sociedad en general no cerrar el coraz\u00f3n, a tener un coraz\u00f3n sensible, que ama, que tiene misericordia, un coraz\u00f3n humano, no de piedra.<\/p>\n\n\n\n<p>\u201cHay mucho dolor y brota violencia aqu\u00ed y brota violencia all\u00e1 y surgen problemas aqu\u00ed, problemas all\u00e1.<\/p>\n\n\n\n<p>\u201cMe duele tambi\u00e9n no poder, no poder enviar sacerdotes porque no los tengo. Me duele mucho eso. Pueblos de miles de gentes donde no hay un sacerdote. Se han muerto varios sacerdotes y ha sido dif\u00edcil suplirlos porque no hay. Nuestras vocaciones a la vida sacerdotal no est\u00e1n floreciendo como nosotros quisi\u00e9ramos\u201d, remarc\u00f3 en su mensaje. El pasado viernes, entre las 14:30 y la 14:45, se suscit\u00f3 un enfrentamiento entre Santa Mar\u00eda Sola y El Guayabo, que dej\u00f3 como saldo al menos siete personas fallecidas y tres lesionadas.<\/p>\n","protected":false},"excerpt":{"rendered":"<p>Ismael Garc\u00eda M.\/Zona Roja. Foto: Especial Oaxaca de Ju\u00e1rez, Oax., 25 de abril de 2021.-&hellip;<\/p>\n","protected":false},"author":2,"featured_media":26451,"comment_status":"closed","ping_status":"open","sticky":false,"template":"","format":"standard","meta":{"_lmt_disableupdate":"","_lmt_disable":"","_jetpack_memberships_contains_paid_content":false,"footnotes":""},"categories":[109,46],"tags":[2219],"class_list":["post-26450","post","type-post","status-publish","format-standard","has-post-thumbnail","hentry","category-minuto-a-minuto","category-zona-blanca","tag-arzobispo-pedro-vazquez-villalobos"],"jetpack_featured_media_url":"https:\/\/zonaroja.com.mx\/wp-content\/uploads\/2021\/04\/Pedro-Vazquez-V.-misa.jpg","jetpack_sharing_enabled":true,"_links":{"self":[{"href":"https:\/\/zonaroja.com.mx\/index.php?rest_route=\/wp\/v2\/posts\/26450","targetHints":{"allow":["GET"]}}],"collection":[{"href":"https:\/\/zonaroja.com.mx\/index.php?rest_route=\/wp\/v2\/posts"}],"about":[{"href":"https:\/\/zonaroja.com.mx\/index.php?rest_route=\/wp\/v2\/types\/post"}],"author":[{"embeddable":true,"href":"https:\/\/zonaroja.com.mx\/index.php?rest_route=\/wp\/v2\/users\/2"}],"replies":[{"embeddable":true,"href":"https:\/\/zonaroja.com.mx\/index.php?rest_route=%2Fwp%2Fv2%2Fcomments&post=26450"}],"version-history":[{"count":1,"href":"https:\/\/zonaroja.com.mx\/index.php?rest_route=\/wp\/v2\/posts\/26450\/revisions"}],"predecessor-version":[{"id":26452,"href":"https:\/\/zonaroja.com.mx\/index.php?rest_route=\/wp\/v2\/posts\/26450\/revisions\/26452"}],"wp:featuredmedia":[{"embeddable":true,"href":"https:\/\/zonaroja.com.mx\/index.php?rest_route=\/wp\/v2\/media\/26451"}],"wp:attachment":[{"href":"https:\/\/zonaroja.com.mx\/index.php?rest_route=%2Fwp%2Fv2%2Fmedia&parent=26450"}],"wp:term":[{"taxonomy":"category","embeddable":true,"href":"https:\/\/zonaroja.com.mx\/index.php?rest_route=%2Fwp%2Fv2%2Fcategories&post=26450"},{"taxonomy":"post_tag","embeddable":true,"href":"https:\/\/zonaroja.com.mx\/index.php?rest_route=%2Fwp%2Fv2%2Ftags&post=26450"}],"curies":[{"name":"wp","href":"https:\/\/api.w.org\/{rel}","templated":true}]}}